{"id":363,"date":"2022-02-07T10:30:00","date_gmt":"2022-02-07T09:30:00","guid":{"rendered":"https:\/\/velocite-narbonne.fr\/?p=363"},"modified":"2022-12-14T17:39:10","modified_gmt":"2022-12-14T16:39:10","slug":"les-lumieres-de-la-ville","status":"publish","type":"post","link":"https:\/\/velocite-narbonne.fr\/index.php\/2022\/02\/07\/les-lumieres-de-la-ville\/","title":{"rendered":"Les Lumi\u00e8res de la Ville"},"content":{"rendered":"\n<figure class=\"wp-block-image size-full\"><img decoding=\"async\" width=\"700\" height=\"363\" data-src=\"https:\/\/velocite-narbonne.fr\/wp-content\/uploads\/2022\/11\/lucioles-1.jpg\" alt=\"Les lumi\u00e8res de la ville\" class=\"wp-image-364 lazyload\" data-srcset=\"https:\/\/velocite-narbonne.fr\/wp-content\/uploads\/2022\/11\/lucioles-1.jpg 700w, https:\/\/velocite-narbonne.fr\/wp-content\/uploads\/2022\/11\/lucioles-1-300x156.jpg 300w\" data-sizes=\"(max-width: 700px) 100vw, 700px\" src=\"data:image\/svg+xml;base64,PHN2ZyB3aWR0aD0iMSIgaGVpZ2h0PSIxIiB4bWxucz0iaHR0cDovL3d3dy53My5vcmcvMjAwMC9zdmciPjwvc3ZnPg==\" style=\"--smush-placeholder-width: 700px; --smush-placeholder-aspect-ratio: 700\/363;\" \/><\/figure>\n\n\n\n<p>V\u00e9locit\u00e9 Narbonne en Ville propose \u00e0 ses adh\u00e9rents, sympathisants et autres adeptes du v\u00e9lo au quotidien de se retrouver en ce d\u00e9but d\u2019ann\u00e9e, le samedi 12 f\u00e9vrier prochain.<br>Avec un seul mot d\u2019ordre : <strong>\u00a0 <strong>\u00ab\u00a0<\/strong>Cyclistes brillez ! <strong>\u00bb<\/strong><\/strong><br>Soyez nombreux(ses) \u00e0 nous rejoindre Cours Mirabeau \u00e0 17 h 30. Nous partirons pour une d\u00e9ambulation nocturne dans les rues de <a href=\"https:\/\/www.facebook.com\/Narbonne-111965622154059\/?__tn__=kK*F\" target=\"_blank\" rel=\"noreferrer noopener\">Narbonne<\/a> pour y faire valoir la place du v\u00e9lo.<br>Une v\u00e9lorution des lumi\u00e8res o\u00f9 nous aurons l\u2019opportunit\u00e9 de briller : avec des lampes, des guirlandes, des boules \u00e0 facettes ou tout autre accessoire, illuminons les rues de Narbonne !<br>Nous vous proposons un parcours d\u2019une petite heure en empruntant les grands boulevards.<br>On compte sur vous pour venir nombreux animer et profiter de ce grand moment de convivialit\u00e9 !<br>A vos agendas et parlez-en autour de vous, tous les cyclistes sont les bienvenus !<br>(Pour rappel, les ports du gilet et du casque sont conseill\u00e9s et le casque obligatoire pour les enfants de moins de 12 ans.)<\/p>\n","protected":false},"excerpt":{"rendered":"<p>V\u00e9locit\u00e9 Narbonne en Ville propose \u00e0 ses adh\u00e9rents, sympathisants et autres adeptes du v\u00e9lo au quotidien de se retrouver en ce d\u00e9but d\u2019ann\u00e9e, le samedi [&#8230;]<\/p>\n","protected":false},"author":1,"featured_media":364,"comment_status":"open","ping_status":"open","sticky":false,"template":"","format":"standard","meta":{"footnotes":""},"categories":[41],"tags":[120],"class_list":["post-363","post","type-post","status-publish","format-standard","has-post-thumbnail","hentry","category-velorutions","tag-eclairage"],"yoast_head":"<!-- This site is optimized with the Yoast SEO plugin v27.5 - https:\/\/yoast.com\/product\/yoast-seo-wordpress\/ -->\n<title>Les Lumi\u00e8res de la Ville - V\u00e9locit\u00e9 Narbonne<\/title>\n<meta name=\"description\" content=\"V\u00e9lorution sur le th\u00e8me des lumi\u00e8res \u00e0 Narbonne\" \/>\n<meta name=\"robots\" content=\"index, follow, max-snippet:-1, max-image-preview:large, max-video-preview:-1\" \/>\n<link rel=\"canonical\" href=\"https:\/\/velocite-narbonne.fr\/index.php\/2022\/02\/07\/les-lumieres-de-la-ville\/\" \/>\n<meta property=\"og:locale\" content=\"fr_FR\" \/>\n<meta property=\"og:type\" content=\"article\" \/>\n<meta property=\"og:title\" content=\"Les Lumi\u00e8res de la Ville - V\u00e9locit\u00e9 Narbonne\" \/>\n<meta property=\"og:description\" content=\"V\u00e9lorution sur le th\u00e8me des lumi\u00e8res \u00e0 Narbonne\" \/>\n<meta property=\"og:url\" content=\"https:\/\/velocite-narbonne.fr\/index.php\/2022\/02\/07\/les-lumieres-de-la-ville\/\" \/>\n<meta property=\"og:site_name\" content=\"V\u00e9locit\u00e9 Narbonne\" \/>\n<meta property=\"article:published_time\" content=\"2022-02-07T09:30:00+00:00\" \/>\n<meta property=\"article:modified_time\" content=\"2022-12-14T16:39:10+00:00\" \/>\n<meta property=\"og:image\" content=\"https:\/\/velocite-narbonne.fr\/wp-content\/uploads\/2022\/11\/lucioles-1.jpg\" \/>\n\t<meta property=\"og:image:width\" content=\"700\" \/>\n\t<meta property=\"og:image:height\" content=\"363\" \/>\n\t<meta property=\"og:image:type\" content=\"image\/jpeg\" \/>\n<meta name=\"author\" content=\"AdminPrincipal\" \/>\n<meta name=\"twitter:card\" content=\"summary_large_image\" \/>\n<meta name=\"twitter:label1\" content=\"\u00c9crit par\" \/>\n\t<meta name=\"twitter:data1\" content=\"AdminPrincipal\" \/>\n\t<meta name=\"twitter:label2\" content=\"Dur\u00e9e de lecture estim\u00e9e\" \/>\n\t<meta name=\"twitter:data2\" content=\"2 minutes\" \/>\n<script type=\"application\/ld+json\" class=\"yoast-schema-graph\">{\"@context\":\"https:\\\/\\\/schema.org\",\"@graph\":[{\"@type\":\"Article\",\"@id\":\"https:\\\/\\\/velocite-narbonne.fr\\\/index.php\\\/2022\\\/02\\\/07\\\/les-lumieres-de-la-ville\\\/#article\",\"isPartOf\":{\"@id\":\"https:\\\/\\\/velocite-narbonne.fr\\\/index.php\\\/2022\\\/02\\\/07\\\/les-lumieres-de-la-ville\\\/\"},\"author\":{\"name\":\"AdminPrincipal\",\"@id\":\"https:\\\/\\\/velocite-narbonne.fr\\\/#\\\/schema\\\/person\\\/e7bf79208ed76dbe6a04cbb4dc6b1ec9\"},\"headline\":\"Les Lumi\u00e8res de la Ville\",\"datePublished\":\"2022-02-07T09:30:00+00:00\",\"dateModified\":\"2022-12-14T16:39:10+00:00\",\"mainEntityOfPage\":{\"@id\":\"https:\\\/\\\/velocite-narbonne.fr\\\/index.php\\\/2022\\\/02\\\/07\\\/les-lumieres-de-la-ville\\\/\"},\"wordCount\":173,\"commentCount\":0,\"publisher\":{\"@id\":\"https:\\\/\\\/velocite-narbonne.fr\\\/#organization\"},\"image\":{\"@id\":\"https:\\\/\\\/velocite-narbonne.fr\\\/index.php\\\/2022\\\/02\\\/07\\\/les-lumieres-de-la-ville\\\/#primaryimage\"},\"thumbnailUrl\":\"https:\\\/\\\/velocite-narbonne.fr\\\/wp-content\\\/uploads\\\/2022\\\/11\\\/lucioles-1.jpg\",\"keywords\":[\"Eclairage\"],\"articleSection\":[\"V\u00e9lorutions\"],\"inLanguage\":\"fr-FR\",\"potentialAction\":[{\"@type\":\"CommentAction\",\"name\":\"Comment\",\"target\":[\"https:\\\/\\\/velocite-narbonne.fr\\\/index.php\\\/2022\\\/02\\\/07\\\/les-lumieres-de-la-ville\\\/#respond\"]}]},{\"@type\":\"WebPage\",\"@id\":\"https:\\\/\\\/velocite-narbonne.fr\\\/index.php\\\/2022\\\/02\\\/07\\\/les-lumieres-de-la-ville\\\/\",\"url\":\"https:\\\/\\\/velocite-narbonne.fr\\\/index.php\\\/2022\\\/02\\\/07\\\/les-lumieres-de-la-ville\\\/\",\"name\":\"Les Lumi\u00e8res de la Ville - V\u00e9locit\u00e9 Narbonne\",\"isPartOf\":{\"@id\":\"https:\\\/\\\/velocite-narbonne.fr\\\/#website\"},\"primaryImageOfPage\":{\"@id\":\"https:\\\/\\\/velocite-narbonne.fr\\\/index.php\\\/2022\\\/02\\\/07\\\/les-lumieres-de-la-ville\\\/#primaryimage\"},\"image\":{\"@id\":\"https:\\\/\\\/velocite-narbonne.fr\\\/index.php\\\/2022\\\/02\\\/07\\\/les-lumieres-de-la-ville\\\/#primaryimage\"},\"thumbnailUrl\":\"https:\\\/\\\/velocite-narbonne.fr\\\/wp-content\\\/uploads\\\/2022\\\/11\\\/lucioles-1.jpg\",\"datePublished\":\"2022-02-07T09:30:00+00:00\",\"dateModified\":\"2022-12-14T16:39:10+00:00\",\"description\":\"V\u00e9lorution sur le th\u00e8me des lumi\u00e8res \u00e0 Narbonne\",\"breadcrumb\":{\"@id\":\"https:\\\/\\\/velocite-narbonne.fr\\\/index.php\\\/2022\\\/02\\\/07\\\/les-lumieres-de-la-ville\\\/#breadcrumb\"},\"inLanguage\":\"fr-FR\",\"potentialAction\":[{\"@type\":\"ReadAction\",\"target\":[\"https:\\\/\\\/velocite-narbonne.fr\\\/index.php\\\/2022\\\/02\\\/07\\\/les-lumieres-de-la-ville\\\/\"]}]},{\"@type\":\"ImageObject\",\"inLanguage\":\"fr-FR\",\"@id\":\"https:\\\/\\\/velocite-narbonne.fr\\\/index.php\\\/2022\\\/02\\\/07\\\/les-lumieres-de-la-ville\\\/#primaryimage\",\"url\":\"https:\\\/\\\/velocite-narbonne.fr\\\/wp-content\\\/uploads\\\/2022\\\/11\\\/lucioles-1.jpg\",\"contentUrl\":\"https:\\\/\\\/velocite-narbonne.fr\\\/wp-content\\\/uploads\\\/2022\\\/11\\\/lucioles-1.jpg\",\"width\":700,\"height\":363},{\"@type\":\"BreadcrumbList\",\"@id\":\"https:\\\/\\\/velocite-narbonne.fr\\\/index.php\\\/2022\\\/02\\\/07\\\/les-lumieres-de-la-ville\\\/#breadcrumb\",\"itemListElement\":[{\"@type\":\"ListItem\",\"position\":1,\"name\":\"Accueil\",\"item\":\"https:\\\/\\\/velocite-narbonne.fr\\\/\"},{\"@type\":\"ListItem\",\"position\":2,\"name\":\"Les Lumi\u00e8res de la Ville\"}]},{\"@type\":\"WebSite\",\"@id\":\"https:\\\/\\\/velocite-narbonne.fr\\\/#website\",\"url\":\"https:\\\/\\\/velocite-narbonne.fr\\\/\",\"name\":\"V\u00e9locit\u00e9 Narbonne\",\"description\":\"L&#039;association v\u00e9lo du Grand Narbonne\",\"publisher\":{\"@id\":\"https:\\\/\\\/velocite-narbonne.fr\\\/#organization\"},\"potentialAction\":[{\"@type\":\"SearchAction\",\"target\":{\"@type\":\"EntryPoint\",\"urlTemplate\":\"https:\\\/\\\/velocite-narbonne.fr\\\/?s={search_term_string}\"},\"query-input\":{\"@type\":\"PropertyValueSpecification\",\"valueRequired\":true,\"valueName\":\"search_term_string\"}}],\"inLanguage\":\"fr-FR\"},{\"@type\":\"Organization\",\"@id\":\"https:\\\/\\\/velocite-narbonne.fr\\\/#organization\",\"name\":\"V\u00e9locit\u00e9 Narbonne\",\"url\":\"https:\\\/\\\/velocite-narbonne.fr\\\/\",\"logo\":{\"@type\":\"ImageObject\",\"inLanguage\":\"fr-FR\",\"@id\":\"https:\\\/\\\/velocite-narbonne.fr\\\/#\\\/schema\\\/logo\\\/image\\\/\",\"url\":\"https:\\\/\\\/velocite-narbonne.fr\\\/wp-content\\\/uploads\\\/2021\\\/10\\\/cropped-Logo-velocite.png\",\"contentUrl\":\"https:\\\/\\\/velocite-narbonne.fr\\\/wp-content\\\/uploads\\\/2021\\\/10\\\/cropped-Logo-velocite.png\",\"width\":649,\"height\":216,\"caption\":\"V\u00e9locit\u00e9 Narbonne\"},\"image\":{\"@id\":\"https:\\\/\\\/velocite-narbonne.fr\\\/#\\\/schema\\\/logo\\\/image\\\/\"}},{\"@type\":\"Person\",\"@id\":\"https:\\\/\\\/velocite-narbonne.fr\\\/#\\\/schema\\\/person\\\/e7bf79208ed76dbe6a04cbb4dc6b1ec9\",\"name\":\"AdminPrincipal\",\"image\":{\"@type\":\"ImageObject\",\"inLanguage\":\"fr-FR\",\"@id\":\"https:\\\/\\\/secure.gravatar.com\\\/avatar\\\/23f3dae0d83ce5828c803167e35cbd823fabe3a52d30983aa1403b987103f81f?s=96&d=mm&r=g\",\"url\":\"https:\\\/\\\/secure.gravatar.com\\\/avatar\\\/23f3dae0d83ce5828c803167e35cbd823fabe3a52d30983aa1403b987103f81f?s=96&d=mm&r=g\",\"contentUrl\":\"https:\\\/\\\/secure.gravatar.com\\\/avatar\\\/23f3dae0d83ce5828c803167e35cbd823fabe3a52d30983aa1403b987103f81f?s=96&d=mm&r=g\",\"caption\":\"AdminPrincipal\"},\"sameAs\":[\"http:\\\/\\\/velocite-narbonne.fr\"],\"url\":\"https:\\\/\\\/velocite-narbonne.fr\\\/index.php\\\/author\\\/admin3268\\\/\"}]}<\/script>\n<!-- \/ Yoast SEO plugin. -->","yoast_head_json":{"title":"Les Lumi\u00e8res de la Ville - V\u00e9locit\u00e9 Narbonne","description":"V\u00e9lorution sur le th\u00e8me des lumi\u00e8res \u00e0 Narbonne","robots":{"index":"index","follow":"follow","max-snippet":"max-snippet:-1","max-image-preview":"max-image-preview:large","max-video-preview":"max-video-preview:-1"},"canonical":"https:\/\/velocite-narbonne.fr\/index.php\/2022\/02\/07\/les-lumieres-de-la-ville\/","og_locale":"fr_FR","og_type":"article","og_title":"Les Lumi\u00e8res de la Ville - V\u00e9locit\u00e9 Narbonne","og_description":"V\u00e9lorution sur le th\u00e8me des lumi\u00e8res \u00e0 Narbonne","og_url":"https:\/\/velocite-narbonne.fr\/index.php\/2022\/02\/07\/les-lumieres-de-la-ville\/","og_site_name":"V\u00e9locit\u00e9 Narbonne","article_published_time":"2022-02-07T09:30:00+00:00","article_modified_time":"2022-12-14T16:39:10+00:00","og_image":[{"width":700,"height":363,"url":"https:\/\/velocite-narbonne.fr\/wp-content\/uploads\/2022\/11\/lucioles-1.jpg","type":"image\/jpeg"}],"author":"AdminPrincipal","twitter_card":"summary_large_image","twitter_misc":{"\u00c9crit par":"AdminPrincipal","Dur\u00e9e de lecture estim\u00e9e":"2 minutes"},"schema":{"@context":"https:\/\/schema.org","@graph":[{"@type":"Article","@id":"https:\/\/velocite-narbonne.fr\/index.php\/2022\/02\/07\/les-lumieres-de-la-ville\/#article","isPartOf":{"@id":"https:\/\/velocite-narbonne.fr\/index.php\/2022\/02\/07\/les-lumieres-de-la-ville\/"},"author":{"name":"AdminPrincipal","@id":"https:\/\/velocite-narbonne.fr\/#\/schema\/person\/e7bf79208ed76dbe6a04cbb4dc6b1ec9"},"headline":"Les Lumi\u00e8res de la Ville","datePublished":"2022-02-07T09:30:00+00:00","dateModified":"2022-12-14T16:39:10+00:00","mainEntityOfPage":{"@id":"https:\/\/velocite-narbonne.fr\/index.php\/2022\/02\/07\/les-lumieres-de-la-ville\/"},"wordCount":173,"commentCount":0,"publisher":{"@id":"https:\/\/velocite-narbonne.fr\/#organization"},"image":{"@id":"https:\/\/velocite-narbonne.fr\/index.php\/2022\/02\/07\/les-lumieres-de-la-ville\/#primaryimage"},"thumbnailUrl":"https:\/\/velocite-narbonne.fr\/wp-content\/uploads\/2022\/11\/lucioles-1.jpg","keywords":["Eclairage"],"articleSection":["V\u00e9lorutions"],"inLanguage":"fr-FR","potentialAction":[{"@type":"CommentAction","name":"Comment","target":["https:\/\/velocite-narbonne.fr\/index.php\/2022\/02\/07\/les-lumieres-de-la-ville\/#respond"]}]},{"@type":"WebPage","@id":"https:\/\/velocite-narbonne.fr\/index.php\/2022\/02\/07\/les-lumieres-de-la-ville\/","url":"https:\/\/velocite-narbonne.fr\/index.php\/2022\/02\/07\/les-lumieres-de-la-ville\/","name":"Les Lumi\u00e8res de la Ville - V\u00e9locit\u00e9 Narbonne","isPartOf":{"@id":"https:\/\/velocite-narbonne.fr\/#website"},"primaryImageOfPage":{"@id":"https:\/\/velocite-narbonne.fr\/index.php\/2022\/02\/07\/les-lumieres-de-la-ville\/#primaryimage"},"image":{"@id":"https:\/\/velocite-narbonne.fr\/index.php\/2022\/02\/07\/les-lumieres-de-la-ville\/#primaryimage"},"thumbnailUrl":"https:\/\/velocite-narbonne.fr\/wp-content\/uploads\/2022\/11\/lucioles-1.jpg","datePublished":"2022-02-07T09:30:00+00:00","dateModified":"2022-12-14T16:39:10+00:00","description":"V\u00e9lorution sur le th\u00e8me des lumi\u00e8res \u00e0 Narbonne","breadcrumb":{"@id":"https:\/\/velocite-narbonne.fr\/index.php\/2022\/02\/07\/les-lumieres-de-la-ville\/#breadcrumb"},"inLanguage":"fr-FR","potentialAction":[{"@type":"ReadAction","target":["https:\/\/velocite-narbonne.fr\/index.php\/2022\/02\/07\/les-lumieres-de-la-ville\/"]}]},{"@type":"ImageObject","inLanguage":"fr-FR","@id":"https:\/\/velocite-narbonne.fr\/index.php\/2022\/02\/07\/les-lumieres-de-la-ville\/#primaryimage","url":"https:\/\/velocite-narbonne.fr\/wp-content\/uploads\/2022\/11\/lucioles-1.jpg","contentUrl":"https:\/\/velocite-narbonne.fr\/wp-content\/uploads\/2022\/11\/lucioles-1.jpg","width":700,"height":363},{"@type":"BreadcrumbList","@id":"https:\/\/velocite-narbonne.fr\/index.php\/2022\/02\/07\/les-lumieres-de-la-ville\/#breadcrumb","itemListElement":[{"@type":"ListItem","position":1,"name":"Accueil","item":"https:\/\/velocite-narbonne.fr\/"},{"@type":"ListItem","position":2,"name":"Les Lumi\u00e8res de la Ville"}]},{"@type":"WebSite","@id":"https:\/\/velocite-narbonne.fr\/#website","url":"https:\/\/velocite-narbonne.fr\/","name":"V\u00e9locit\u00e9 Narbonne","description":"L&#039;association v\u00e9lo du Grand Narbonne","publisher":{"@id":"https:\/\/velocite-narbonne.fr\/#organization"},"potentialAction":[{"@type":"SearchAction","target":{"@type":"EntryPoint","urlTemplate":"https:\/\/velocite-narbonne.fr\/?s={search_term_string}"},"query-input":{"@type":"PropertyValueSpecification","valueRequired":true,"valueName":"search_term_string"}}],"inLanguage":"fr-FR"},{"@type":"Organization","@id":"https:\/\/velocite-narbonne.fr\/#organization","name":"V\u00e9locit\u00e9 Narbonne","url":"https:\/\/velocite-narbonne.fr\/","logo":{"@type":"ImageObject","inLanguage":"fr-FR","@id":"https:\/\/velocite-narbonne.fr\/#\/schema\/logo\/image\/","url":"https:\/\/velocite-narbonne.fr\/wp-content\/uploads\/2021\/10\/cropped-Logo-velocite.png","contentUrl":"https:\/\/velocite-narbonne.fr\/wp-content\/uploads\/2021\/10\/cropped-Logo-velocite.png","width":649,"height":216,"caption":"V\u00e9locit\u00e9 Narbonne"},"image":{"@id":"https:\/\/velocite-narbonne.fr\/#\/schema\/logo\/image\/"}},{"@type":"Person","@id":"https:\/\/velocite-narbonne.fr\/#\/schema\/person\/e7bf79208ed76dbe6a04cbb4dc6b1ec9","name":"AdminPrincipal","image":{"@type":"ImageObject","inLanguage":"fr-FR","@id":"https:\/\/secure.gravatar.com\/avatar\/23f3dae0d83ce5828c803167e35cbd823fabe3a52d30983aa1403b987103f81f?s=96&d=mm&r=g","url":"https:\/\/secure.gravatar.com\/avatar\/23f3dae0d83ce5828c803167e35cbd823fabe3a52d30983aa1403b987103f81f?s=96&d=mm&r=g","contentUrl":"https:\/\/secure.gravatar.com\/avatar\/23f3dae0d83ce5828c803167e35cbd823fabe3a52d30983aa1403b987103f81f?s=96&d=mm&r=g","caption":"AdminPrincipal"},"sameAs":["http:\/\/velocite-narbonne.fr"],"url":"https:\/\/velocite-narbonne.fr\/index.php\/author\/admin3268\/"}]}},"_links":{"self":[{"href":"https:\/\/velocite-narbonne.fr\/index.php\/wp-json\/wp\/v2\/posts\/363","targetHints":{"allow":["GET"]}}],"collection":[{"href":"https:\/\/velocite-narbonne.fr\/index.php\/wp-json\/wp\/v2\/posts"}],"about":[{"href":"https:\/\/velocite-narbonne.fr\/index.php\/wp-json\/wp\/v2\/types\/post"}],"author":[{"embeddable":true,"href":"https:\/\/velocite-narbonne.fr\/index.php\/wp-json\/wp\/v2\/users\/1"}],"replies":[{"embeddable":true,"href":"https:\/\/velocite-narbonne.fr\/index.php\/wp-json\/wp\/v2\/comments?post=363"}],"version-history":[{"count":5,"href":"https:\/\/velocite-narbonne.fr\/index.php\/wp-json\/wp\/v2\/posts\/363\/revisions"}],"predecessor-version":[{"id":2162,"href":"https:\/\/velocite-narbonne.fr\/index.php\/wp-json\/wp\/v2\/posts\/363\/revisions\/2162"}],"wp:featuredmedia":[{"embeddable":true,"href":"https:\/\/velocite-narbonne.fr\/index.php\/wp-json\/wp\/v2\/media\/364"}],"wp:attachment":[{"href":"https:\/\/velocite-narbonne.fr\/index.php\/wp-json\/wp\/v2\/media?parent=363"}],"wp:term":[{"taxonomy":"category","embeddable":true,"href":"https:\/\/velocite-narbonne.fr\/index.php\/wp-json\/wp\/v2\/categories?post=363"},{"taxonomy":"post_tag","embeddable":true,"href":"https:\/\/velocite-narbonne.fr\/index.php\/wp-json\/wp\/v2\/tags?post=363"}],"curies":[{"name":"wp","href":"https:\/\/api.w.org\/{rel}","templated":true}]}}