{"id":3487,"date":"2025-12-10T11:07:33","date_gmt":"2025-12-10T10:07:33","guid":{"rendered":"https:\/\/velocite-narbonne.fr\/?p=3487"},"modified":"2025-12-10T11:27:39","modified_gmt":"2025-12-10T10:27:39","slug":"parade-cyclistes-brillez-2025","status":"publish","type":"post","link":"https:\/\/velocite-narbonne.fr\/index.php\/2025\/12\/10\/parade-cyclistes-brillez-2025\/","title":{"rendered":"V\u00e9lo Parade Cyclistes, brillez"},"content":{"rendered":"\n<p>V\u00e9locit\u00e9 Narbonne, et Le Grand Narbonne ont organis\u00e9 une Grande Parade, dans le cadre de la campagne \u00ab&nbsp;Cyclistes, brillez&nbsp;\u00bb<\/p>\n\n\n\n<p>Une action de sensibilisation a eu lieu mardi 9 d\u00e9cembre \u00e0 18h (dur\u00e9e 1h). Elle est partie de l\u2019Espace M\u00e9dia \u00e0 Narbonne, a \u00e9t\u00e9 jusqu&rsquo;\u00e0 la d\u00e9chetterie, puis a pris la coul\u00e9e verte, la rue Calixte Camelle, la nouvelle piste cyclable jusqu&rsquo;\u00e0 Narbo Via, le quai Victor Hugo. Elle s&rsquo;est termin\u00e9e par une petite r\u00e9ception \u00e0 l&rsquo;Office du Tourisme.<\/p>\n\n\n\n<figure class=\"wp-block-image size-large\"><img decoding=\"async\" width=\"1024\" height=\"768\" data-src=\"https:\/\/velocite-narbonne.fr\/wp-content\/uploads\/2025\/12\/20251209_180713-1024x768.jpg\" alt=\"\" class=\"wp-image-3491 lazyload\" data-srcset=\"https:\/\/velocite-narbonne.fr\/wp-content\/uploads\/2025\/12\/20251209_180713-1024x768.jpg 1024w, https:\/\/velocite-narbonne.fr\/wp-content\/uploads\/2025\/12\/20251209_180713-300x225.jpg 300w, https:\/\/velocite-narbonne.fr\/wp-content\/uploads\/2025\/12\/20251209_180713-768x576.jpg 768w, https:\/\/velocite-narbonne.fr\/wp-content\/uploads\/2025\/12\/20251209_180713-1536x1152.jpg 1536w, https:\/\/velocite-narbonne.fr\/wp-content\/uploads\/2025\/12\/20251209_180713-1800x1350.jpg 1800w, https:\/\/velocite-narbonne.fr\/wp-content\/uploads\/2025\/12\/20251209_180713.jpg 2048w\" data-sizes=\"(max-width: 1024px) 100vw, 1024px\" src=\"data:image\/svg+xml;base64,PHN2ZyB3aWR0aD0iMSIgaGVpZ2h0PSIxIiB4bWxucz0iaHR0cDovL3d3dy53My5vcmcvMjAwMC9zdmciPjwvc3ZnPg==\" style=\"--smush-placeholder-width: 1024px; --smush-placeholder-aspect-ratio: 1024\/768;\" \/><\/figure>\n\n\n\n<p>En cette p\u00e9riode o\u00f9 la s\u00e9curit\u00e9 routi\u00e8re est sur le devant de la sc\u00e8ne, il est important que tous les usagers soient \u00e9quip\u00e9s afin d\u2019\u00eatre vu.<\/p>\n\n\n\n<p>\u00c0 l\u2019occasion de cette balade lumineuse d\u2019une dur\u00e9e d\u2019une heure sur les pistes cyclables de Narbonne, V\u00e9locit\u00e9 Narbonne, le Grand Narbonne et leurs partenaires ont rappel\u00e9 quels sont les \u00e9quipements de visibilit\u00e9 obligatoires lorsque l\u2019on circule de nuit \u00e0 v\u00e9lo (\u00e9clairage arri\u00e8re rouge, \u00e9clairage avant blanc ou jaune, r\u00e9flecteurs de p\u00e9dale etc.) et ont d\u00e9livr\u00e9 de pr\u00e9cieux conseils pour \u00eatre encore plus visibles et circuler dans des conditions de s\u00e9curit\u00e9 optimales.<\/p>\n\n\n\n<p>Cette action, port\u00e9e par le <a href=\"https:\/\/www.legrandnarbonne.com\/\" target=\"_blank\" rel=\"noreferrer noopener\">Grand Narbonne<\/a>, la <a href=\"http:\/\/narbonne.fr\" target=\"_blank\" rel=\"noreferrer noopener\">Ville de Narbonne<\/a>, <a href=\"https:\/\/www.cotedumidi.com\/\" target=\"_blank\" rel=\"noreferrer noopener\">C\u00f4te du Midi<\/a> et V\u00e9locit\u00e9, s\u2019inscrit dans le cadre de la campagne nationale \u00ab <a href=\"https:\/\/www.fub.fr\/evenements\/campagne-cyclistes-brillez-2025\" target=\"_blank\" rel=\"noreferrer noopener\">Cyclistes, brillez !<\/a> \u00bb port\u00e9e par la F\u00e9d\u00e9ration Fran\u00e7aise des Usag\u00e8res et des Usagers de la Bicyclette (<a href=\"http:\/\/www.fub.fr\" target=\"_blank\" rel=\"noreferrer noopener\">FUB<\/a>) qui se d\u00e9roule du 1er novembre au 15 d\u00e9cembre 2025.<\/p>\n\n\n\n<figure class=\"wp-block-image size-large\"><img decoding=\"async\" width=\"1024\" height=\"1024\" data-src=\"https:\/\/velocite-narbonne.fr\/wp-content\/uploads\/2025\/12\/image-1-1024x1024.png\" alt=\"\" class=\"wp-image-3488 lazyload\" data-srcset=\"https:\/\/velocite-narbonne.fr\/wp-content\/uploads\/2025\/12\/image-1-1024x1024.png 1024w, https:\/\/velocite-narbonne.fr\/wp-content\/uploads\/2025\/12\/image-1-300x300.png 300w, https:\/\/velocite-narbonne.fr\/wp-content\/uploads\/2025\/12\/image-1-150x150.png 150w, https:\/\/velocite-narbonne.fr\/wp-content\/uploads\/2025\/12\/image-1-768x768.png 768w, https:\/\/velocite-narbonne.fr\/wp-content\/uploads\/2025\/12\/image-1-900x900.png 900w, https:\/\/velocite-narbonne.fr\/wp-content\/uploads\/2025\/12\/image-1.png 1080w\" data-sizes=\"(max-width: 1024px) 100vw, 1024px\" src=\"data:image\/svg+xml;base64,PHN2ZyB3aWR0aD0iMSIgaGVpZ2h0PSIxIiB4bWxucz0iaHR0cDovL3d3dy53My5vcmcvMjAwMC9zdmciPjwvc3ZnPg==\" style=\"--smush-placeholder-width: 1024px; --smush-placeholder-aspect-ratio: 1024\/1024;\" \/><\/figure>\n\n\n\n<p>L&rsquo;annonce de l&rsquo;\u00e9v\u00e9nement dans l&rsquo;Ind\u00e9pendant : <a href=\"https:\/\/www.lindependant.fr\/2025\/11\/23\/le-grand-narbonne-invite-a-apprendre-a-rouler-a-velo-de-nuit-en-toute-securite-13066017.php\" target=\"_blank\" rel=\"noreferrer noopener\">https:\/\/www.lindependant.fr\/2025\/11\/23\/le-grand-narbonne-invite-a-apprendre-a-rouler-a-velo-de-nuit-en-toute-securite-13066017.php<\/a><\/p>\n\n\n\n<p><\/p>\n","protected":false},"excerpt":{"rendered":"<p>V\u00e9locit\u00e9 Narbonne, et Le Grand Narbonne ont organis\u00e9 une Grande Parade, dans le cadre de la campagne \u00ab&nbsp;Cyclistes, brillez&nbsp;\u00bb Une action de sensibilisation a eu [&#8230;]<\/p>\n","protected":false},"author":18,"featured_media":3491,"comment_status":"open","ping_status":"closed","sticky":false,"template":"","format":"standard","meta":{"footnotes":""},"categories":[41],"tags":[120],"class_list":["post-3487","post","type-post","status-publish","format-standard","has-post-thumbnail","hentry","category-velorutions","tag-eclairage"],"yoast_head":"<!-- This site is optimized with the Yoast SEO plugin v27.5 - https:\/\/yoast.com\/product\/yoast-seo-wordpress\/ -->\n<title>Parade cyclistes brillez 2025<\/title>\n<meta name=\"description\" content=\"Le Grand Narbonne et V\u00e9locit\u00e9 ont organis\u00e9 une parade lumineuse pour sensibiliser les cyclistes \u00e0 l&#039;importance de l&#039;\u00e9clairage.\" \/>\n<meta name=\"robots\" content=\"index, follow, max-snippet:-1, max-image-preview:large, max-video-preview:-1\" \/>\n<link rel=\"canonical\" href=\"https:\/\/velocite-narbonne.fr\/index.php\/2025\/12\/10\/parade-cyclistes-brillez-2025\/\" \/>\n<meta property=\"og:locale\" content=\"fr_FR\" \/>\n<meta property=\"og:type\" content=\"article\" \/>\n<meta property=\"og:title\" content=\"Parade cyclistes brillez 2025\" \/>\n<meta property=\"og:description\" content=\"Le Grand Narbonne et V\u00e9locit\u00e9 ont organis\u00e9 une parade lumineuse pour sensibiliser les cyclistes \u00e0 l&#039;importance de l&#039;\u00e9clairage.\" \/>\n<meta property=\"og:url\" content=\"https:\/\/velocite-narbonne.fr\/index.php\/2025\/12\/10\/parade-cyclistes-brillez-2025\/\" \/>\n<meta property=\"og:site_name\" content=\"V\u00e9locit\u00e9 Narbonne\" \/>\n<meta property=\"article:published_time\" content=\"2025-12-10T10:07:33+00:00\" \/>\n<meta property=\"article:modified_time\" content=\"2025-12-10T10:27:39+00:00\" \/>\n<meta property=\"og:image\" content=\"https:\/\/velocite-narbonne.fr\/wp-content\/uploads\/2025\/12\/20251209_180713.jpg\" \/>\n\t<meta property=\"og:image:width\" content=\"2048\" \/>\n\t<meta property=\"og:image:height\" content=\"1536\" \/>\n\t<meta property=\"og:image:type\" content=\"image\/jpeg\" \/>\n<meta name=\"author\" content=\"Jo\u00ebl Brich\" \/>\n<meta name=\"twitter:card\" content=\"summary_large_image\" \/>\n<meta name=\"twitter:label1\" content=\"\u00c9crit par\" \/>\n\t<meta name=\"twitter:data1\" content=\"Jo\u00ebl Brich\" \/>\n\t<meta name=\"twitter:label2\" content=\"Dur\u00e9e de lecture estim\u00e9e\" \/>\n\t<meta name=\"twitter:data2\" content=\"2 minutes\" \/>\n<script type=\"application\/ld+json\" class=\"yoast-schema-graph\">{\"@context\":\"https:\\\/\\\/schema.org\",\"@graph\":[{\"@type\":\"Article\",\"@id\":\"https:\\\/\\\/velocite-narbonne.fr\\\/index.php\\\/2025\\\/12\\\/10\\\/parade-cyclistes-brillez-2025\\\/#article\",\"isPartOf\":{\"@id\":\"https:\\\/\\\/velocite-narbonne.fr\\\/index.php\\\/2025\\\/12\\\/10\\\/parade-cyclistes-brillez-2025\\\/\"},\"author\":{\"name\":\"Jo\u00ebl Brich\",\"@id\":\"https:\\\/\\\/velocite-narbonne.fr\\\/#\\\/schema\\\/person\\\/d17dc5dc9ddcefd5daade5c87e567f75\"},\"headline\":\"V\u00e9lo Parade Cyclistes, brillez\",\"datePublished\":\"2025-12-10T10:07:33+00:00\",\"dateModified\":\"2025-12-10T10:27:39+00:00\",\"mainEntityOfPage\":{\"@id\":\"https:\\\/\\\/velocite-narbonne.fr\\\/index.php\\\/2025\\\/12\\\/10\\\/parade-cyclistes-brillez-2025\\\/\"},\"wordCount\":281,\"commentCount\":0,\"publisher\":{\"@id\":\"https:\\\/\\\/velocite-narbonne.fr\\\/#organization\"},\"image\":{\"@id\":\"https:\\\/\\\/velocite-narbonne.fr\\\/index.php\\\/2025\\\/12\\\/10\\\/parade-cyclistes-brillez-2025\\\/#primaryimage\"},\"thumbnailUrl\":\"https:\\\/\\\/velocite-narbonne.fr\\\/wp-content\\\/uploads\\\/2025\\\/12\\\/20251209_180713.jpg\",\"keywords\":[\"Eclairage\"],\"articleSection\":[\"V\u00e9lorutions\"],\"inLanguage\":\"fr-FR\",\"potentialAction\":[{\"@type\":\"CommentAction\",\"name\":\"Comment\",\"target\":[\"https:\\\/\\\/velocite-narbonne.fr\\\/index.php\\\/2025\\\/12\\\/10\\\/parade-cyclistes-brillez-2025\\\/#respond\"]}]},{\"@type\":\"WebPage\",\"@id\":\"https:\\\/\\\/velocite-narbonne.fr\\\/index.php\\\/2025\\\/12\\\/10\\\/parade-cyclistes-brillez-2025\\\/\",\"url\":\"https:\\\/\\\/velocite-narbonne.fr\\\/index.php\\\/2025\\\/12\\\/10\\\/parade-cyclistes-brillez-2025\\\/\",\"name\":\"Parade cyclistes brillez 2025\",\"isPartOf\":{\"@id\":\"https:\\\/\\\/velocite-narbonne.fr\\\/#website\"},\"primaryImageOfPage\":{\"@id\":\"https:\\\/\\\/velocite-narbonne.fr\\\/index.php\\\/2025\\\/12\\\/10\\\/parade-cyclistes-brillez-2025\\\/#primaryimage\"},\"image\":{\"@id\":\"https:\\\/\\\/velocite-narbonne.fr\\\/index.php\\\/2025\\\/12\\\/10\\\/parade-cyclistes-brillez-2025\\\/#primaryimage\"},\"thumbnailUrl\":\"https:\\\/\\\/velocite-narbonne.fr\\\/wp-content\\\/uploads\\\/2025\\\/12\\\/20251209_180713.jpg\",\"datePublished\":\"2025-12-10T10:07:33+00:00\",\"dateModified\":\"2025-12-10T10:27:39+00:00\",\"description\":\"Le Grand Narbonne et V\u00e9locit\u00e9 ont organis\u00e9 une parade lumineuse pour sensibiliser les cyclistes \u00e0 l'importance de l'\u00e9clairage.\",\"breadcrumb\":{\"@id\":\"https:\\\/\\\/velocite-narbonne.fr\\\/index.php\\\/2025\\\/12\\\/10\\\/parade-cyclistes-brillez-2025\\\/#breadcrumb\"},\"inLanguage\":\"fr-FR\",\"potentialAction\":[{\"@type\":\"ReadAction\",\"target\":[\"https:\\\/\\\/velocite-narbonne.fr\\\/index.php\\\/2025\\\/12\\\/10\\\/parade-cyclistes-brillez-2025\\\/\"]}]},{\"@type\":\"ImageObject\",\"inLanguage\":\"fr-FR\",\"@id\":\"https:\\\/\\\/velocite-narbonne.fr\\\/index.php\\\/2025\\\/12\\\/10\\\/parade-cyclistes-brillez-2025\\\/#primaryimage\",\"url\":\"https:\\\/\\\/velocite-narbonne.fr\\\/wp-content\\\/uploads\\\/2025\\\/12\\\/20251209_180713.jpg\",\"contentUrl\":\"https:\\\/\\\/velocite-narbonne.fr\\\/wp-content\\\/uploads\\\/2025\\\/12\\\/20251209_180713.jpg\",\"width\":2048,\"height\":1536},{\"@type\":\"BreadcrumbList\",\"@id\":\"https:\\\/\\\/velocite-narbonne.fr\\\/index.php\\\/2025\\\/12\\\/10\\\/parade-cyclistes-brillez-2025\\\/#breadcrumb\",\"itemListElement\":[{\"@type\":\"ListItem\",\"position\":1,\"name\":\"Accueil\",\"item\":\"https:\\\/\\\/velocite-narbonne.fr\\\/\"},{\"@type\":\"ListItem\",\"position\":2,\"name\":\"V\u00e9lo Parade Cyclistes, brillez\"}]},{\"@type\":\"WebSite\",\"@id\":\"https:\\\/\\\/velocite-narbonne.fr\\\/#website\",\"url\":\"https:\\\/\\\/velocite-narbonne.fr\\\/\",\"name\":\"V\u00e9locit\u00e9 Narbonne\",\"description\":\"L&#039;association v\u00e9lo du Grand Narbonne\",\"publisher\":{\"@id\":\"https:\\\/\\\/velocite-narbonne.fr\\\/#organization\"},\"potentialAction\":[{\"@type\":\"SearchAction\",\"target\":{\"@type\":\"EntryPoint\",\"urlTemplate\":\"https:\\\/\\\/velocite-narbonne.fr\\\/?s={search_term_string}\"},\"query-input\":{\"@type\":\"PropertyValueSpecification\",\"valueRequired\":true,\"valueName\":\"search_term_string\"}}],\"inLanguage\":\"fr-FR\"},{\"@type\":\"Organization\",\"@id\":\"https:\\\/\\\/velocite-narbonne.fr\\\/#organization\",\"name\":\"V\u00e9locit\u00e9 Narbonne\",\"url\":\"https:\\\/\\\/velocite-narbonne.fr\\\/\",\"logo\":{\"@type\":\"ImageObject\",\"inLanguage\":\"fr-FR\",\"@id\":\"https:\\\/\\\/velocite-narbonne.fr\\\/#\\\/schema\\\/logo\\\/image\\\/\",\"url\":\"https:\\\/\\\/velocite-narbonne.fr\\\/wp-content\\\/uploads\\\/2021\\\/10\\\/cropped-Logo-velocite.png\",\"contentUrl\":\"https:\\\/\\\/velocite-narbonne.fr\\\/wp-content\\\/uploads\\\/2021\\\/10\\\/cropped-Logo-velocite.png\",\"width\":649,\"height\":216,\"caption\":\"V\u00e9locit\u00e9 Narbonne\"},\"image\":{\"@id\":\"https:\\\/\\\/velocite-narbonne.fr\\\/#\\\/schema\\\/logo\\\/image\\\/\"}},{\"@type\":\"Person\",\"@id\":\"https:\\\/\\\/velocite-narbonne.fr\\\/#\\\/schema\\\/person\\\/d17dc5dc9ddcefd5daade5c87e567f75\",\"name\":\"Jo\u00ebl Brich\",\"image\":{\"@type\":\"ImageObject\",\"inLanguage\":\"fr-FR\",\"@id\":\"https:\\\/\\\/secure.gravatar.com\\\/avatar\\\/23b9446b897a6bcf49cad3e59721923dfa689e30c7b2b15edeaf45eeb94f51ea?s=96&d=mm&r=g\",\"url\":\"https:\\\/\\\/secure.gravatar.com\\\/avatar\\\/23b9446b897a6bcf49cad3e59721923dfa689e30c7b2b15edeaf45eeb94f51ea?s=96&d=mm&r=g\",\"contentUrl\":\"https:\\\/\\\/secure.gravatar.com\\\/avatar\\\/23b9446b897a6bcf49cad3e59721923dfa689e30c7b2b15edeaf45eeb94f51ea?s=96&d=mm&r=g\",\"caption\":\"Jo\u00ebl Brich\"},\"url\":\"https:\\\/\\\/velocite-narbonne.fr\\\/index.php\\\/author\\\/joel\\\/\"}]}<\/script>\n<!-- \/ Yoast SEO plugin. -->","yoast_head_json":{"title":"Parade cyclistes brillez 2025","description":"Le Grand Narbonne et V\u00e9locit\u00e9 ont organis\u00e9 une parade lumineuse pour sensibiliser les cyclistes \u00e0 l'importance de l'\u00e9clairage.","robots":{"index":"index","follow":"follow","max-snippet":"max-snippet:-1","max-image-preview":"max-image-preview:large","max-video-preview":"max-video-preview:-1"},"canonical":"https:\/\/velocite-narbonne.fr\/index.php\/2025\/12\/10\/parade-cyclistes-brillez-2025\/","og_locale":"fr_FR","og_type":"article","og_title":"Parade cyclistes brillez 2025","og_description":"Le Grand Narbonne et V\u00e9locit\u00e9 ont organis\u00e9 une parade lumineuse pour sensibiliser les cyclistes \u00e0 l'importance de l'\u00e9clairage.","og_url":"https:\/\/velocite-narbonne.fr\/index.php\/2025\/12\/10\/parade-cyclistes-brillez-2025\/","og_site_name":"V\u00e9locit\u00e9 Narbonne","article_published_time":"2025-12-10T10:07:33+00:00","article_modified_time":"2025-12-10T10:27:39+00:00","og_image":[{"width":2048,"height":1536,"url":"https:\/\/velocite-narbonne.fr\/wp-content\/uploads\/2025\/12\/20251209_180713.jpg","type":"image\/jpeg"}],"author":"Jo\u00ebl Brich","twitter_card":"summary_large_image","twitter_misc":{"\u00c9crit par":"Jo\u00ebl Brich","Dur\u00e9e de lecture estim\u00e9e":"2 minutes"},"schema":{"@context":"https:\/\/schema.org","@graph":[{"@type":"Article","@id":"https:\/\/velocite-narbonne.fr\/index.php\/2025\/12\/10\/parade-cyclistes-brillez-2025\/#article","isPartOf":{"@id":"https:\/\/velocite-narbonne.fr\/index.php\/2025\/12\/10\/parade-cyclistes-brillez-2025\/"},"author":{"name":"Jo\u00ebl Brich","@id":"https:\/\/velocite-narbonne.fr\/#\/schema\/person\/d17dc5dc9ddcefd5daade5c87e567f75"},"headline":"V\u00e9lo Parade Cyclistes, brillez","datePublished":"2025-12-10T10:07:33+00:00","dateModified":"2025-12-10T10:27:39+00:00","mainEntityOfPage":{"@id":"https:\/\/velocite-narbonne.fr\/index.php\/2025\/12\/10\/parade-cyclistes-brillez-2025\/"},"wordCount":281,"commentCount":0,"publisher":{"@id":"https:\/\/velocite-narbonne.fr\/#organization"},"image":{"@id":"https:\/\/velocite-narbonne.fr\/index.php\/2025\/12\/10\/parade-cyclistes-brillez-2025\/#primaryimage"},"thumbnailUrl":"https:\/\/velocite-narbonne.fr\/wp-content\/uploads\/2025\/12\/20251209_180713.jpg","keywords":["Eclairage"],"articleSection":["V\u00e9lorutions"],"inLanguage":"fr-FR","potentialAction":[{"@type":"CommentAction","name":"Comment","target":["https:\/\/velocite-narbonne.fr\/index.php\/2025\/12\/10\/parade-cyclistes-brillez-2025\/#respond"]}]},{"@type":"WebPage","@id":"https:\/\/velocite-narbonne.fr\/index.php\/2025\/12\/10\/parade-cyclistes-brillez-2025\/","url":"https:\/\/velocite-narbonne.fr\/index.php\/2025\/12\/10\/parade-cyclistes-brillez-2025\/","name":"Parade cyclistes brillez 2025","isPartOf":{"@id":"https:\/\/velocite-narbonne.fr\/#website"},"primaryImageOfPage":{"@id":"https:\/\/velocite-narbonne.fr\/index.php\/2025\/12\/10\/parade-cyclistes-brillez-2025\/#primaryimage"},"image":{"@id":"https:\/\/velocite-narbonne.fr\/index.php\/2025\/12\/10\/parade-cyclistes-brillez-2025\/#primaryimage"},"thumbnailUrl":"https:\/\/velocite-narbonne.fr\/wp-content\/uploads\/2025\/12\/20251209_180713.jpg","datePublished":"2025-12-10T10:07:33+00:00","dateModified":"2025-12-10T10:27:39+00:00","description":"Le Grand Narbonne et V\u00e9locit\u00e9 ont organis\u00e9 une parade lumineuse pour sensibiliser les cyclistes \u00e0 l'importance de l'\u00e9clairage.","breadcrumb":{"@id":"https:\/\/velocite-narbonne.fr\/index.php\/2025\/12\/10\/parade-cyclistes-brillez-2025\/#breadcrumb"},"inLanguage":"fr-FR","potentialAction":[{"@type":"ReadAction","target":["https:\/\/velocite-narbonne.fr\/index.php\/2025\/12\/10\/parade-cyclistes-brillez-2025\/"]}]},{"@type":"ImageObject","inLanguage":"fr-FR","@id":"https:\/\/velocite-narbonne.fr\/index.php\/2025\/12\/10\/parade-cyclistes-brillez-2025\/#primaryimage","url":"https:\/\/velocite-narbonne.fr\/wp-content\/uploads\/2025\/12\/20251209_180713.jpg","contentUrl":"https:\/\/velocite-narbonne.fr\/wp-content\/uploads\/2025\/12\/20251209_180713.jpg","width":2048,"height":1536},{"@type":"BreadcrumbList","@id":"https:\/\/velocite-narbonne.fr\/index.php\/2025\/12\/10\/parade-cyclistes-brillez-2025\/#breadcrumb","itemListElement":[{"@type":"ListItem","position":1,"name":"Accueil","item":"https:\/\/velocite-narbonne.fr\/"},{"@type":"ListItem","position":2,"name":"V\u00e9lo Parade Cyclistes, brillez"}]},{"@type":"WebSite","@id":"https:\/\/velocite-narbonne.fr\/#website","url":"https:\/\/velocite-narbonne.fr\/","name":"V\u00e9locit\u00e9 Narbonne","description":"L&#039;association v\u00e9lo du Grand Narbonne","publisher":{"@id":"https:\/\/velocite-narbonne.fr\/#organization"},"potentialAction":[{"@type":"SearchAction","target":{"@type":"EntryPoint","urlTemplate":"https:\/\/velocite-narbonne.fr\/?s={search_term_string}"},"query-input":{"@type":"PropertyValueSpecification","valueRequired":true,"valueName":"search_term_string"}}],"inLanguage":"fr-FR"},{"@type":"Organization","@id":"https:\/\/velocite-narbonne.fr\/#organization","name":"V\u00e9locit\u00e9 Narbonne","url":"https:\/\/velocite-narbonne.fr\/","logo":{"@type":"ImageObject","inLanguage":"fr-FR","@id":"https:\/\/velocite-narbonne.fr\/#\/schema\/logo\/image\/","url":"https:\/\/velocite-narbonne.fr\/wp-content\/uploads\/2021\/10\/cropped-Logo-velocite.png","contentUrl":"https:\/\/velocite-narbonne.fr\/wp-content\/uploads\/2021\/10\/cropped-Logo-velocite.png","width":649,"height":216,"caption":"V\u00e9locit\u00e9 Narbonne"},"image":{"@id":"https:\/\/velocite-narbonne.fr\/#\/schema\/logo\/image\/"}},{"@type":"Person","@id":"https:\/\/velocite-narbonne.fr\/#\/schema\/person\/d17dc5dc9ddcefd5daade5c87e567f75","name":"Jo\u00ebl Brich","image":{"@type":"ImageObject","inLanguage":"fr-FR","@id":"https:\/\/secure.gravatar.com\/avatar\/23b9446b897a6bcf49cad3e59721923dfa689e30c7b2b15edeaf45eeb94f51ea?s=96&d=mm&r=g","url":"https:\/\/secure.gravatar.com\/avatar\/23b9446b897a6bcf49cad3e59721923dfa689e30c7b2b15edeaf45eeb94f51ea?s=96&d=mm&r=g","contentUrl":"https:\/\/secure.gravatar.com\/avatar\/23b9446b897a6bcf49cad3e59721923dfa689e30c7b2b15edeaf45eeb94f51ea?s=96&d=mm&r=g","caption":"Jo\u00ebl Brich"},"url":"https:\/\/velocite-narbonne.fr\/index.php\/author\/joel\/"}]}},"_links":{"self":[{"href":"https:\/\/velocite-narbonne.fr\/index.php\/wp-json\/wp\/v2\/posts\/3487","targetHints":{"allow":["GET"]}}],"collection":[{"href":"https:\/\/velocite-narbonne.fr\/index.php\/wp-json\/wp\/v2\/posts"}],"about":[{"href":"https:\/\/velocite-narbonne.fr\/index.php\/wp-json\/wp\/v2\/types\/post"}],"author":[{"embeddable":true,"href":"https:\/\/velocite-narbonne.fr\/index.php\/wp-json\/wp\/v2\/users\/18"}],"replies":[{"embeddable":true,"href":"https:\/\/velocite-narbonne.fr\/index.php\/wp-json\/wp\/v2\/comments?post=3487"}],"version-history":[{"count":2,"href":"https:\/\/velocite-narbonne.fr\/index.php\/wp-json\/wp\/v2\/posts\/3487\/revisions"}],"predecessor-version":[{"id":3494,"href":"https:\/\/velocite-narbonne.fr\/index.php\/wp-json\/wp\/v2\/posts\/3487\/revisions\/3494"}],"wp:featuredmedia":[{"embeddable":true,"href":"https:\/\/velocite-narbonne.fr\/index.php\/wp-json\/wp\/v2\/media\/3491"}],"wp:attachment":[{"href":"https:\/\/velocite-narbonne.fr\/index.php\/wp-json\/wp\/v2\/media?parent=3487"}],"wp:term":[{"taxonomy":"category","embeddable":true,"href":"https:\/\/velocite-narbonne.fr\/index.php\/wp-json\/wp\/v2\/categories?post=3487"},{"taxonomy":"post_tag","embeddable":true,"href":"https:\/\/velocite-narbonne.fr\/index.php\/wp-json\/wp\/v2\/tags?post=3487"}],"curies":[{"name":"wp","href":"https:\/\/api.w.org\/{rel}","templated":true}]}}