{"id":327,"date":"2021-11-28T09:47:00","date_gmt":"2021-11-28T08:47:00","guid":{"rendered":"https:\/\/velocite-narbonne.fr\/?p=327"},"modified":"2022-12-01T20:29:42","modified_gmt":"2022-12-01T19:29:42","slug":"une-velorution-nocturne","status":"publish","type":"post","link":"https:\/\/velocite-narbonne.fr\/index.php\/2021\/11\/28\/une-velorution-nocturne\/","title":{"rendered":"Une V\u00e9lorution Nocturne"},"content":{"rendered":"\n<p>pour mettre en lumi\u00e8re les cyclistes<\/p>\n\n\n\n<figure class=\"wp-block-image size-large\"><img decoding=\"async\" width=\"1024\" height=\"456\" data-src=\"https:\/\/velocite-narbonne.fr\/wp-content\/uploads\/2022\/11\/novembre-2021-1024x456.jpg\" alt=\"\" class=\"wp-image-328 lazyload\" data-srcset=\"https:\/\/velocite-narbonne.fr\/wp-content\/uploads\/2022\/11\/novembre-2021-1024x456.jpg 1024w, https:\/\/velocite-narbonne.fr\/wp-content\/uploads\/2022\/11\/novembre-2021-300x133.jpg 300w, https:\/\/velocite-narbonne.fr\/wp-content\/uploads\/2022\/11\/novembre-2021-768x342.jpg 768w, https:\/\/velocite-narbonne.fr\/wp-content\/uploads\/2022\/11\/novembre-2021-1536x683.jpg 1536w, https:\/\/velocite-narbonne.fr\/wp-content\/uploads\/2022\/11\/novembre-2021.jpg 1677w\" data-sizes=\"(max-width: 1024px) 100vw, 1024px\" src=\"data:image\/svg+xml;base64,PHN2ZyB3aWR0aD0iMSIgaGVpZ2h0PSIxIiB4bWxucz0iaHR0cDovL3d3dy53My5vcmcvMjAwMC9zdmciPjwvc3ZnPg==\" style=\"--smush-placeholder-width: 1024px; --smush-placeholder-aspect-ratio: 1024\/456;\" \/><\/figure>\n\n\n\n<p>Article de l&rsquo;Ind\u00e9pendant du 27 novembre 2021 (acc\u00e8s abonn\u00e9s) : <\/p>\n\n\n\n<p><a href=\"https:\/\/www.lindependant.fr\/2021\/11\/27\/narbonne-une-velorution-nocturne-pour-sensibiliser-a-la-visibilite-des-cyclistes-9955818.php\">https:\/\/www.lindependant.fr\/2021\/11\/27\/narbonne-une-velorution-nocturne-pour-sensibiliser-a-la-visibilite-des-cyclistes-9955818.php<\/a><\/p>\n","protected":false},"excerpt":{"rendered":"<p>pour mettre en lumi\u00e8re les cyclistes Article de l&rsquo;Ind\u00e9pendant du 27 novembre 2021 (acc\u00e8s abonn\u00e9s) : https:\/\/www.lindependant.fr\/2021\/11\/27\/narbonne-une-velorution-nocturne-pour-sensibiliser-a-la-visibilite-des-cyclistes-9955818.php<\/p>\n","protected":false},"author":1,"featured_media":0,"comment_status":"open","ping_status":"open","sticky":false,"template":"","format":"standard","meta":{"footnotes":""},"categories":[41],"tags":[120],"class_list":["post-327","post","type-post","status-publish","format-standard","hentry","category-velorutions","tag-eclairage"],"yoast_head":"<!-- This site is optimized with the Yoast SEO plugin v27.5 - https:\/\/yoast.com\/product\/yoast-seo-wordpress\/ -->\n<title>Une V\u00e9lorution Nocturne - V\u00e9locit\u00e9 Narbonne<\/title>\n<meta name=\"description\" content=\"V\u00e9locit\u00e9 organisait ce samedi une v\u00e9lorution nocturne sur le th\u00e8me de l&#039;\u00e9clairage pour sensibiliser les cyclistes \u00e0 la n\u00e9cessit\u00e9 d&#039;\u00eatre vu.\" \/>\n<meta name=\"robots\" content=\"index, follow, max-snippet:-1, max-image-preview:large, max-video-preview:-1\" \/>\n<link rel=\"canonical\" href=\"https:\/\/velocite-narbonne.fr\/index.php\/2021\/11\/28\/une-velorution-nocturne\/\" \/>\n<meta property=\"og:locale\" content=\"fr_FR\" \/>\n<meta property=\"og:type\" content=\"article\" \/>\n<meta property=\"og:title\" content=\"Une V\u00e9lorution Nocturne - V\u00e9locit\u00e9 Narbonne\" \/>\n<meta property=\"og:description\" content=\"V\u00e9locit\u00e9 organisait ce samedi une v\u00e9lorution nocturne sur le th\u00e8me de l&#039;\u00e9clairage pour sensibiliser les cyclistes \u00e0 la n\u00e9cessit\u00e9 d&#039;\u00eatre vu.\" \/>\n<meta property=\"og:url\" content=\"https:\/\/velocite-narbonne.fr\/index.php\/2021\/11\/28\/une-velorution-nocturne\/\" \/>\n<meta property=\"og:site_name\" content=\"V\u00e9locit\u00e9 Narbonne\" \/>\n<meta property=\"article:published_time\" content=\"2021-11-28T08:47:00+00:00\" \/>\n<meta property=\"article:modified_time\" content=\"2022-12-01T19:29:42+00:00\" \/>\n<meta property=\"og:image\" content=\"https:\/\/velocite-narbonne.fr\/wp-content\/uploads\/2022\/11\/novembre-2021-1024x456.jpg\" \/>\n<meta name=\"author\" content=\"AdminPrincipal\" \/>\n<meta name=\"twitter:card\" content=\"summary_large_image\" \/>\n<meta name=\"twitter:label1\" content=\"\u00c9crit par\" \/>\n\t<meta name=\"twitter:data1\" content=\"AdminPrincipal\" \/>\n\t<meta name=\"twitter:label2\" content=\"Dur\u00e9e de lecture estim\u00e9e\" \/>\n\t<meta name=\"twitter:data2\" content=\"1 minute\" \/>\n<script type=\"application\/ld+json\" class=\"yoast-schema-graph\">{\"@context\":\"https:\\\/\\\/schema.org\",\"@graph\":[{\"@type\":\"Article\",\"@id\":\"https:\\\/\\\/velocite-narbonne.fr\\\/index.php\\\/2021\\\/11\\\/28\\\/une-velorution-nocturne\\\/#article\",\"isPartOf\":{\"@id\":\"https:\\\/\\\/velocite-narbonne.fr\\\/index.php\\\/2021\\\/11\\\/28\\\/une-velorution-nocturne\\\/\"},\"author\":{\"name\":\"AdminPrincipal\",\"@id\":\"https:\\\/\\\/velocite-narbonne.fr\\\/#\\\/schema\\\/person\\\/e7bf79208ed76dbe6a04cbb4dc6b1ec9\"},\"headline\":\"Une V\u00e9lorution Nocturne\",\"datePublished\":\"2021-11-28T08:47:00+00:00\",\"dateModified\":\"2022-12-01T19:29:42+00:00\",\"mainEntityOfPage\":{\"@id\":\"https:\\\/\\\/velocite-narbonne.fr\\\/index.php\\\/2021\\\/11\\\/28\\\/une-velorution-nocturne\\\/\"},\"wordCount\":28,\"commentCount\":0,\"publisher\":{\"@id\":\"https:\\\/\\\/velocite-narbonne.fr\\\/#organization\"},\"image\":{\"@id\":\"https:\\\/\\\/velocite-narbonne.fr\\\/index.php\\\/2021\\\/11\\\/28\\\/une-velorution-nocturne\\\/#primaryimage\"},\"thumbnailUrl\":\"https:\\\/\\\/velocite-narbonne.fr\\\/wp-content\\\/uploads\\\/2022\\\/11\\\/novembre-2021-1024x456.jpg\",\"keywords\":[\"Eclairage\"],\"articleSection\":[\"V\u00e9lorutions\"],\"inLanguage\":\"fr-FR\",\"potentialAction\":[{\"@type\":\"CommentAction\",\"name\":\"Comment\",\"target\":[\"https:\\\/\\\/velocite-narbonne.fr\\\/index.php\\\/2021\\\/11\\\/28\\\/une-velorution-nocturne\\\/#respond\"]}]},{\"@type\":\"WebPage\",\"@id\":\"https:\\\/\\\/velocite-narbonne.fr\\\/index.php\\\/2021\\\/11\\\/28\\\/une-velorution-nocturne\\\/\",\"url\":\"https:\\\/\\\/velocite-narbonne.fr\\\/index.php\\\/2021\\\/11\\\/28\\\/une-velorution-nocturne\\\/\",\"name\":\"Une V\u00e9lorution Nocturne - V\u00e9locit\u00e9 Narbonne\",\"isPartOf\":{\"@id\":\"https:\\\/\\\/velocite-narbonne.fr\\\/#website\"},\"primaryImageOfPage\":{\"@id\":\"https:\\\/\\\/velocite-narbonne.fr\\\/index.php\\\/2021\\\/11\\\/28\\\/une-velorution-nocturne\\\/#primaryimage\"},\"image\":{\"@id\":\"https:\\\/\\\/velocite-narbonne.fr\\\/index.php\\\/2021\\\/11\\\/28\\\/une-velorution-nocturne\\\/#primaryimage\"},\"thumbnailUrl\":\"https:\\\/\\\/velocite-narbonne.fr\\\/wp-content\\\/uploads\\\/2022\\\/11\\\/novembre-2021-1024x456.jpg\",\"datePublished\":\"2021-11-28T08:47:00+00:00\",\"dateModified\":\"2022-12-01T19:29:42+00:00\",\"description\":\"V\u00e9locit\u00e9 organisait ce samedi une v\u00e9lorution nocturne sur le th\u00e8me de l'\u00e9clairage pour sensibiliser les cyclistes \u00e0 la n\u00e9cessit\u00e9 d'\u00eatre vu.\",\"breadcrumb\":{\"@id\":\"https:\\\/\\\/velocite-narbonne.fr\\\/index.php\\\/2021\\\/11\\\/28\\\/une-velorution-nocturne\\\/#breadcrumb\"},\"inLanguage\":\"fr-FR\",\"potentialAction\":[{\"@type\":\"ReadAction\",\"target\":[\"https:\\\/\\\/velocite-narbonne.fr\\\/index.php\\\/2021\\\/11\\\/28\\\/une-velorution-nocturne\\\/\"]}]},{\"@type\":\"ImageObject\",\"inLanguage\":\"fr-FR\",\"@id\":\"https:\\\/\\\/velocite-narbonne.fr\\\/index.php\\\/2021\\\/11\\\/28\\\/une-velorution-nocturne\\\/#primaryimage\",\"url\":\"https:\\\/\\\/velocite-narbonne.fr\\\/wp-content\\\/uploads\\\/2022\\\/11\\\/novembre-2021.jpg\",\"contentUrl\":\"https:\\\/\\\/velocite-narbonne.fr\\\/wp-content\\\/uploads\\\/2022\\\/11\\\/novembre-2021.jpg\",\"width\":1677,\"height\":746},{\"@type\":\"BreadcrumbList\",\"@id\":\"https:\\\/\\\/velocite-narbonne.fr\\\/index.php\\\/2021\\\/11\\\/28\\\/une-velorution-nocturne\\\/#breadcrumb\",\"itemListElement\":[{\"@type\":\"ListItem\",\"position\":1,\"name\":\"Accueil\",\"item\":\"https:\\\/\\\/velocite-narbonne.fr\\\/\"},{\"@type\":\"ListItem\",\"position\":2,\"name\":\"Une V\u00e9lorution Nocturne\"}]},{\"@type\":\"WebSite\",\"@id\":\"https:\\\/\\\/velocite-narbonne.fr\\\/#website\",\"url\":\"https:\\\/\\\/velocite-narbonne.fr\\\/\",\"name\":\"V\u00e9locit\u00e9 Narbonne\",\"description\":\"L&#039;association v\u00e9lo du Grand Narbonne\",\"publisher\":{\"@id\":\"https:\\\/\\\/velocite-narbonne.fr\\\/#organization\"},\"potentialAction\":[{\"@type\":\"SearchAction\",\"target\":{\"@type\":\"EntryPoint\",\"urlTemplate\":\"https:\\\/\\\/velocite-narbonne.fr\\\/?s={search_term_string}\"},\"query-input\":{\"@type\":\"PropertyValueSpecification\",\"valueRequired\":true,\"valueName\":\"search_term_string\"}}],\"inLanguage\":\"fr-FR\"},{\"@type\":\"Organization\",\"@id\":\"https:\\\/\\\/velocite-narbonne.fr\\\/#organization\",\"name\":\"V\u00e9locit\u00e9 Narbonne\",\"url\":\"https:\\\/\\\/velocite-narbonne.fr\\\/\",\"logo\":{\"@type\":\"ImageObject\",\"inLanguage\":\"fr-FR\",\"@id\":\"https:\\\/\\\/velocite-narbonne.fr\\\/#\\\/schema\\\/logo\\\/image\\\/\",\"url\":\"https:\\\/\\\/velocite-narbonne.fr\\\/wp-content\\\/uploads\\\/2021\\\/10\\\/cropped-Logo-velocite.png\",\"contentUrl\":\"https:\\\/\\\/velocite-narbonne.fr\\\/wp-content\\\/uploads\\\/2021\\\/10\\\/cropped-Logo-velocite.png\",\"width\":649,\"height\":216,\"caption\":\"V\u00e9locit\u00e9 Narbonne\"},\"image\":{\"@id\":\"https:\\\/\\\/velocite-narbonne.fr\\\/#\\\/schema\\\/logo\\\/image\\\/\"}},{\"@type\":\"Person\",\"@id\":\"https:\\\/\\\/velocite-narbonne.fr\\\/#\\\/schema\\\/person\\\/e7bf79208ed76dbe6a04cbb4dc6b1ec9\",\"name\":\"AdminPrincipal\",\"image\":{\"@type\":\"ImageObject\",\"inLanguage\":\"fr-FR\",\"@id\":\"https:\\\/\\\/secure.gravatar.com\\\/avatar\\\/23f3dae0d83ce5828c803167e35cbd823fabe3a52d30983aa1403b987103f81f?s=96&d=mm&r=g\",\"url\":\"https:\\\/\\\/secure.gravatar.com\\\/avatar\\\/23f3dae0d83ce5828c803167e35cbd823fabe3a52d30983aa1403b987103f81f?s=96&d=mm&r=g\",\"contentUrl\":\"https:\\\/\\\/secure.gravatar.com\\\/avatar\\\/23f3dae0d83ce5828c803167e35cbd823fabe3a52d30983aa1403b987103f81f?s=96&d=mm&r=g\",\"caption\":\"AdminPrincipal\"},\"sameAs\":[\"http:\\\/\\\/velocite-narbonne.fr\"],\"url\":\"https:\\\/\\\/velocite-narbonne.fr\\\/index.php\\\/author\\\/admin3268\\\/\"}]}<\/script>\n<!-- \/ Yoast SEO plugin. -->","yoast_head_json":{"title":"Une V\u00e9lorution Nocturne - V\u00e9locit\u00e9 Narbonne","description":"V\u00e9locit\u00e9 organisait ce samedi une v\u00e9lorution nocturne sur le th\u00e8me de l'\u00e9clairage pour sensibiliser les cyclistes \u00e0 la n\u00e9cessit\u00e9 d'\u00eatre vu.","robots":{"index":"index","follow":"follow","max-snippet":"max-snippet:-1","max-image-preview":"max-image-preview:large","max-video-preview":"max-video-preview:-1"},"canonical":"https:\/\/velocite-narbonne.fr\/index.php\/2021\/11\/28\/une-velorution-nocturne\/","og_locale":"fr_FR","og_type":"article","og_title":"Une V\u00e9lorution Nocturne - V\u00e9locit\u00e9 Narbonne","og_description":"V\u00e9locit\u00e9 organisait ce samedi une v\u00e9lorution nocturne sur le th\u00e8me de l'\u00e9clairage pour sensibiliser les cyclistes \u00e0 la n\u00e9cessit\u00e9 d'\u00eatre vu.","og_url":"https:\/\/velocite-narbonne.fr\/index.php\/2021\/11\/28\/une-velorution-nocturne\/","og_site_name":"V\u00e9locit\u00e9 Narbonne","article_published_time":"2021-11-28T08:47:00+00:00","article_modified_time":"2022-12-01T19:29:42+00:00","og_image":[{"url":"https:\/\/velocite-narbonne.fr\/wp-content\/uploads\/2022\/11\/novembre-2021-1024x456.jpg","type":"","width":"","height":""}],"author":"AdminPrincipal","twitter_card":"summary_large_image","twitter_misc":{"\u00c9crit par":"AdminPrincipal","Dur\u00e9e de lecture estim\u00e9e":"1 minute"},"schema":{"@context":"https:\/\/schema.org","@graph":[{"@type":"Article","@id":"https:\/\/velocite-narbonne.fr\/index.php\/2021\/11\/28\/une-velorution-nocturne\/#article","isPartOf":{"@id":"https:\/\/velocite-narbonne.fr\/index.php\/2021\/11\/28\/une-velorution-nocturne\/"},"author":{"name":"AdminPrincipal","@id":"https:\/\/velocite-narbonne.fr\/#\/schema\/person\/e7bf79208ed76dbe6a04cbb4dc6b1ec9"},"headline":"Une V\u00e9lorution Nocturne","datePublished":"2021-11-28T08:47:00+00:00","dateModified":"2022-12-01T19:29:42+00:00","mainEntityOfPage":{"@id":"https:\/\/velocite-narbonne.fr\/index.php\/2021\/11\/28\/une-velorution-nocturne\/"},"wordCount":28,"commentCount":0,"publisher":{"@id":"https:\/\/velocite-narbonne.fr\/#organization"},"image":{"@id":"https:\/\/velocite-narbonne.fr\/index.php\/2021\/11\/28\/une-velorution-nocturne\/#primaryimage"},"thumbnailUrl":"https:\/\/velocite-narbonne.fr\/wp-content\/uploads\/2022\/11\/novembre-2021-1024x456.jpg","keywords":["Eclairage"],"articleSection":["V\u00e9lorutions"],"inLanguage":"fr-FR","potentialAction":[{"@type":"CommentAction","name":"Comment","target":["https:\/\/velocite-narbonne.fr\/index.php\/2021\/11\/28\/une-velorution-nocturne\/#respond"]}]},{"@type":"WebPage","@id":"https:\/\/velocite-narbonne.fr\/index.php\/2021\/11\/28\/une-velorution-nocturne\/","url":"https:\/\/velocite-narbonne.fr\/index.php\/2021\/11\/28\/une-velorution-nocturne\/","name":"Une V\u00e9lorution Nocturne - V\u00e9locit\u00e9 Narbonne","isPartOf":{"@id":"https:\/\/velocite-narbonne.fr\/#website"},"primaryImageOfPage":{"@id":"https:\/\/velocite-narbonne.fr\/index.php\/2021\/11\/28\/une-velorution-nocturne\/#primaryimage"},"image":{"@id":"https:\/\/velocite-narbonne.fr\/index.php\/2021\/11\/28\/une-velorution-nocturne\/#primaryimage"},"thumbnailUrl":"https:\/\/velocite-narbonne.fr\/wp-content\/uploads\/2022\/11\/novembre-2021-1024x456.jpg","datePublished":"2021-11-28T08:47:00+00:00","dateModified":"2022-12-01T19:29:42+00:00","description":"V\u00e9locit\u00e9 organisait ce samedi une v\u00e9lorution nocturne sur le th\u00e8me de l'\u00e9clairage pour sensibiliser les cyclistes \u00e0 la n\u00e9cessit\u00e9 d'\u00eatre vu.","breadcrumb":{"@id":"https:\/\/velocite-narbonne.fr\/index.php\/2021\/11\/28\/une-velorution-nocturne\/#breadcrumb"},"inLanguage":"fr-FR","potentialAction":[{"@type":"ReadAction","target":["https:\/\/velocite-narbonne.fr\/index.php\/2021\/11\/28\/une-velorution-nocturne\/"]}]},{"@type":"ImageObject","inLanguage":"fr-FR","@id":"https:\/\/velocite-narbonne.fr\/index.php\/2021\/11\/28\/une-velorution-nocturne\/#primaryimage","url":"https:\/\/velocite-narbonne.fr\/wp-content\/uploads\/2022\/11\/novembre-2021.jpg","contentUrl":"https:\/\/velocite-narbonne.fr\/wp-content\/uploads\/2022\/11\/novembre-2021.jpg","width":1677,"height":746},{"@type":"BreadcrumbList","@id":"https:\/\/velocite-narbonne.fr\/index.php\/2021\/11\/28\/une-velorution-nocturne\/#breadcrumb","itemListElement":[{"@type":"ListItem","position":1,"name":"Accueil","item":"https:\/\/velocite-narbonne.fr\/"},{"@type":"ListItem","position":2,"name":"Une V\u00e9lorution Nocturne"}]},{"@type":"WebSite","@id":"https:\/\/velocite-narbonne.fr\/#website","url":"https:\/\/velocite-narbonne.fr\/","name":"V\u00e9locit\u00e9 Narbonne","description":"L&#039;association v\u00e9lo du Grand Narbonne","publisher":{"@id":"https:\/\/velocite-narbonne.fr\/#organization"},"potentialAction":[{"@type":"SearchAction","target":{"@type":"EntryPoint","urlTemplate":"https:\/\/velocite-narbonne.fr\/?s={search_term_string}"},"query-input":{"@type":"PropertyValueSpecification","valueRequired":true,"valueName":"search_term_string"}}],"inLanguage":"fr-FR"},{"@type":"Organization","@id":"https:\/\/velocite-narbonne.fr\/#organization","name":"V\u00e9locit\u00e9 Narbonne","url":"https:\/\/velocite-narbonne.fr\/","logo":{"@type":"ImageObject","inLanguage":"fr-FR","@id":"https:\/\/velocite-narbonne.fr\/#\/schema\/logo\/image\/","url":"https:\/\/velocite-narbonne.fr\/wp-content\/uploads\/2021\/10\/cropped-Logo-velocite.png","contentUrl":"https:\/\/velocite-narbonne.fr\/wp-content\/uploads\/2021\/10\/cropped-Logo-velocite.png","width":649,"height":216,"caption":"V\u00e9locit\u00e9 Narbonne"},"image":{"@id":"https:\/\/velocite-narbonne.fr\/#\/schema\/logo\/image\/"}},{"@type":"Person","@id":"https:\/\/velocite-narbonne.fr\/#\/schema\/person\/e7bf79208ed76dbe6a04cbb4dc6b1ec9","name":"AdminPrincipal","image":{"@type":"ImageObject","inLanguage":"fr-FR","@id":"https:\/\/secure.gravatar.com\/avatar\/23f3dae0d83ce5828c803167e35cbd823fabe3a52d30983aa1403b987103f81f?s=96&d=mm&r=g","url":"https:\/\/secure.gravatar.com\/avatar\/23f3dae0d83ce5828c803167e35cbd823fabe3a52d30983aa1403b987103f81f?s=96&d=mm&r=g","contentUrl":"https:\/\/secure.gravatar.com\/avatar\/23f3dae0d83ce5828c803167e35cbd823fabe3a52d30983aa1403b987103f81f?s=96&d=mm&r=g","caption":"AdminPrincipal"},"sameAs":["http:\/\/velocite-narbonne.fr"],"url":"https:\/\/velocite-narbonne.fr\/index.php\/author\/admin3268\/"}]}},"_links":{"self":[{"href":"https:\/\/velocite-narbonne.fr\/index.php\/wp-json\/wp\/v2\/posts\/327","targetHints":{"allow":["GET"]}}],"collection":[{"href":"https:\/\/velocite-narbonne.fr\/index.php\/wp-json\/wp\/v2\/posts"}],"about":[{"href":"https:\/\/velocite-narbonne.fr\/index.php\/wp-json\/wp\/v2\/types\/post"}],"author":[{"embeddable":true,"href":"https:\/\/velocite-narbonne.fr\/index.php\/wp-json\/wp\/v2\/users\/1"}],"replies":[{"embeddable":true,"href":"https:\/\/velocite-narbonne.fr\/index.php\/wp-json\/wp\/v2\/comments?post=327"}],"version-history":[{"count":3,"href":"https:\/\/velocite-narbonne.fr\/index.php\/wp-json\/wp\/v2\/posts\/327\/revisions"}],"predecessor-version":[{"id":2012,"href":"https:\/\/velocite-narbonne.fr\/index.php\/wp-json\/wp\/v2\/posts\/327\/revisions\/2012"}],"wp:attachment":[{"href":"https:\/\/velocite-narbonne.fr\/index.php\/wp-json\/wp\/v2\/media?parent=327"}],"wp:term":[{"taxonomy":"category","embeddable":true,"href":"https:\/\/velocite-narbonne.fr\/index.php\/wp-json\/wp\/v2\/categories?post=327"},{"taxonomy":"post_tag","embeddable":true,"href":"https:\/\/velocite-narbonne.fr\/index.php\/wp-json\/wp\/v2\/tags?post=327"}],"curies":[{"name":"wp","href":"https:\/\/api.w.org\/{rel}","templated":true}]}}