{"id":308,"date":"2015-10-20T16:39:33","date_gmt":"2015-10-20T14:39:33","guid":{"rendered":"https:\/\/velocitenarbonne.wordpress.com\/?p=308"},"modified":"2022-12-22T20:32:03","modified_gmt":"2022-12-22T19:32:03","slug":"retour-sur-le-decret-du-2-juillet-2015","status":"publish","type":"post","link":"https:\/\/velocite-narbonne.fr\/index.php\/2015\/10\/20\/retour-sur-le-decret-du-2-juillet-2015\/","title":{"rendered":"Retour sur le d\u00e9cret du 2 juillet 2015"},"content":{"rendered":"\n<p>Un d\u00e9cret du 2 Juillet dernier modifiant des r\u00e8gles du code de la route est pass\u00e9 assez inaper\u00e7u.<br>R\u00e9sultat d&rsquo;une concertation qui a abouti \u00e0 un Plan d&rsquo;Am\u00e9lioration des Mobilit\u00e9s Actives (PAMA), il a pour but de simplifier la vie des cyclistes tout en apaisant la circulation.<\/p>\n\n\n\n<p>Mais pour obtenir ce r\u00e9sultat, il faut que ce d\u00e9cret soit r\u00e9ellement suivi d&rsquo;effets par une application stricte et g\u00e9n\u00e9rale.<br>Nous commen\u00e7ons sur ce blog une campagne d&rsquo;information sur ces sujets.<\/p>\n\n\n\n<p>Voici pour commencer\u00a0un article de la revue de la F\u00e9d\u00e9ration Nationale des Usagers de la Bicyclette (FUB) qui r\u00e9capitule tr\u00e8s clairement ces dispositions :<\/p>\n\n\n\n<figure class=\"wp-block-image size-large\"><img decoding=\"async\" data-src=\"https:\/\/velocite-narbonne.fr\/wp-content\/uploads\/2015\/10\/article-velocite1-scaled.jpg\" alt=\"\" src=\"data:image\/svg+xml;base64,PHN2ZyB3aWR0aD0iMSIgaGVpZ2h0PSIxIiB4bWxucz0iaHR0cDovL3d3dy53My5vcmcvMjAwMC9zdmciPjwvc3ZnPg==\" class=\"lazyload\" style=\"--smush-placeholder-width: 1725px; --smush-placeholder-aspect-ratio: 1725\/2560;\" \/><\/figure>\n\n\n\n<figure class=\"wp-block-image size-large\"><img decoding=\"async\" data-src=\"https:\/\/velocite-narbonne.fr\/wp-content\/uploads\/2015\/10\/article-velocite2-scaled.jpg\" alt=\"\" src=\"data:image\/svg+xml;base64,PHN2ZyB3aWR0aD0iMSIgaGVpZ2h0PSIxIiB4bWxucz0iaHR0cDovL3d3dy53My5vcmcvMjAwMC9zdmciPjwvc3ZnPg==\" class=\"lazyload\" style=\"--smush-placeholder-width: 1826px; --smush-placeholder-aspect-ratio: 1826\/2560;\" \/><\/figure>\n\n\n\n<p>Et comme r\u00e9f\u00e9rence, vous pouvez t\u00e9l\u00e9charger ci apr\u00e8s deux fiches du CEREMA qui pr\u00e9cisent deux mesures importantes<\/p>\n\n\n\n<p>\u00a0<a href=\"https:\/\/velocite-narbonne.fr\/wp-content\/uploads\/2015\/10\/1770_firf01115pama01-dsc_1.pdf\" target=\"_blank\" rel=\"noreferrer noopener\">le double sens cyclable g\u00e9n\u00e9ralis\u00e9 \u00e0 toutes les zones 30<\/a><\/p>\n\n\n\n<p>\u00a0<a href=\"https:\/\/velocite-narbonne.fr\/wp-content\/uploads\/2015\/10\/1770_firf01315pama03-secu-positionnement.pdf\" target=\"_blank\" rel=\"noreferrer noopener\">le droit pour les cyclistes de s&rsquo;\u00e9loigner du cot\u00e9 droit de la chauss\u00e9e en agglom\u00e9ration<\/a><\/p>\n\n\n\n<p>Plus d&rsquo;informations dans un prochain billet&#8230;.<\/p>\n","protected":false},"excerpt":{"rendered":"<p>Un d\u00e9cret du 2 Juillet dernier modifiant des r\u00e8gles du code de la route est pass\u00e9 assez inaper\u00e7u.R\u00e9sultat d&rsquo;une concertation qui a abouti \u00e0 un [&#8230;]<\/p>\n","protected":false},"author":20,"featured_media":0,"comment_status":"open","ping_status":"open","sticky":false,"template":"","format":"standard","meta":{"footnotes":""},"categories":[57],"tags":[],"class_list":["post-308","post","type-post","status-publish","format-standard","hentry","category-lois-et-reglements"],"yoast_head":"<!-- This site is optimized with the Yoast SEO plugin v27.5 - https:\/\/yoast.com\/product\/yoast-seo-wordpress\/ -->\n<title>Retour sur le d\u00e9cret du 2 juillet 2015 - V\u00e9locit\u00e9 Narbonne<\/title>\n<meta name=\"robots\" content=\"index, follow, max-snippet:-1, max-image-preview:large, max-video-preview:-1\" \/>\n<link rel=\"canonical\" href=\"https:\/\/velocite-narbonne.fr\/index.php\/2015\/10\/20\/retour-sur-le-decret-du-2-juillet-2015\/\" \/>\n<meta property=\"og:locale\" content=\"fr_FR\" \/>\n<meta property=\"og:type\" content=\"article\" \/>\n<meta property=\"og:title\" content=\"Retour sur le d\u00e9cret du 2 juillet 2015 - V\u00e9locit\u00e9 Narbonne\" \/>\n<meta property=\"og:description\" content=\"Un d\u00e9cret du 2 Juillet dernier modifiant des r\u00e8gles du code de la route est pass\u00e9 assez inaper\u00e7u.R\u00e9sultat d&rsquo;une concertation qui a abouti \u00e0 un [...]\" \/>\n<meta property=\"og:url\" content=\"https:\/\/velocite-narbonne.fr\/index.php\/2015\/10\/20\/retour-sur-le-decret-du-2-juillet-2015\/\" \/>\n<meta property=\"og:site_name\" content=\"V\u00e9locit\u00e9 Narbonne\" \/>\n<meta property=\"article:published_time\" content=\"2015-10-20T14:39:33+00:00\" \/>\n<meta property=\"article:modified_time\" content=\"2022-12-22T19:32:03+00:00\" \/>\n<meta property=\"og:image\" content=\"https:\/\/velocite-narbonne.fr\/wp-content\/uploads\/2015\/10\/article-velocite1-scaled.jpg\" \/>\n<meta name=\"author\" content=\"V\u00e9locit\u00e9 Narbonne\" \/>\n<meta name=\"twitter:card\" content=\"summary_large_image\" \/>\n<meta name=\"twitter:label1\" content=\"\u00c9crit par\" \/>\n\t<meta name=\"twitter:data1\" content=\"V\u00e9locit\u00e9 Narbonne\" \/>\n\t<meta name=\"twitter:label2\" content=\"Dur\u00e9e de lecture estim\u00e9e\" \/>\n\t<meta name=\"twitter:data2\" content=\"2 minutes\" \/>\n<script type=\"application\/ld+json\" class=\"yoast-schema-graph\">{\"@context\":\"https:\\\/\\\/schema.org\",\"@graph\":[{\"@type\":\"Article\",\"@id\":\"https:\\\/\\\/velocite-narbonne.fr\\\/index.php\\\/2015\\\/10\\\/20\\\/retour-sur-le-decret-du-2-juillet-2015\\\/#article\",\"isPartOf\":{\"@id\":\"https:\\\/\\\/velocite-narbonne.fr\\\/index.php\\\/2015\\\/10\\\/20\\\/retour-sur-le-decret-du-2-juillet-2015\\\/\"},\"author\":{\"name\":\"V\u00e9locit\u00e9 Narbonne\",\"@id\":\"https:\\\/\\\/velocite-narbonne.fr\\\/#\\\/schema\\\/person\\\/fe4f4b7c18b1a260278b766fd6d85f8e\"},\"headline\":\"Retour sur le d\u00e9cret du 2 juillet 2015\",\"datePublished\":\"2015-10-20T14:39:33+00:00\",\"dateModified\":\"2022-12-22T19:32:03+00:00\",\"mainEntityOfPage\":{\"@id\":\"https:\\\/\\\/velocite-narbonne.fr\\\/index.php\\\/2015\\\/10\\\/20\\\/retour-sur-le-decret-du-2-juillet-2015\\\/\"},\"wordCount\":185,\"commentCount\":0,\"publisher\":{\"@id\":\"https:\\\/\\\/velocite-narbonne.fr\\\/#organization\"},\"image\":{\"@id\":\"https:\\\/\\\/velocite-narbonne.fr\\\/index.php\\\/2015\\\/10\\\/20\\\/retour-sur-le-decret-du-2-juillet-2015\\\/#primaryimage\"},\"thumbnailUrl\":\"https:\\\/\\\/velocite-narbonne.fr\\\/wp-content\\\/uploads\\\/2015\\\/10\\\/article-velocite1-scaled.jpg\",\"articleSection\":[\"Lois et r\u00e8glements\"],\"inLanguage\":\"fr-FR\",\"potentialAction\":[{\"@type\":\"CommentAction\",\"name\":\"Comment\",\"target\":[\"https:\\\/\\\/velocite-narbonne.fr\\\/index.php\\\/2015\\\/10\\\/20\\\/retour-sur-le-decret-du-2-juillet-2015\\\/#respond\"]}]},{\"@type\":\"WebPage\",\"@id\":\"https:\\\/\\\/velocite-narbonne.fr\\\/index.php\\\/2015\\\/10\\\/20\\\/retour-sur-le-decret-du-2-juillet-2015\\\/\",\"url\":\"https:\\\/\\\/velocite-narbonne.fr\\\/index.php\\\/2015\\\/10\\\/20\\\/retour-sur-le-decret-du-2-juillet-2015\\\/\",\"name\":\"Retour sur le d\u00e9cret du 2 juillet 2015 - V\u00e9locit\u00e9 Narbonne\",\"isPartOf\":{\"@id\":\"https:\\\/\\\/velocite-narbonne.fr\\\/#website\"},\"primaryImageOfPage\":{\"@id\":\"https:\\\/\\\/velocite-narbonne.fr\\\/index.php\\\/2015\\\/10\\\/20\\\/retour-sur-le-decret-du-2-juillet-2015\\\/#primaryimage\"},\"image\":{\"@id\":\"https:\\\/\\\/velocite-narbonne.fr\\\/index.php\\\/2015\\\/10\\\/20\\\/retour-sur-le-decret-du-2-juillet-2015\\\/#primaryimage\"},\"thumbnailUrl\":\"https:\\\/\\\/velocite-narbonne.fr\\\/wp-content\\\/uploads\\\/2015\\\/10\\\/article-velocite1-scaled.jpg\",\"datePublished\":\"2015-10-20T14:39:33+00:00\",\"dateModified\":\"2022-12-22T19:32:03+00:00\",\"breadcrumb\":{\"@id\":\"https:\\\/\\\/velocite-narbonne.fr\\\/index.php\\\/2015\\\/10\\\/20\\\/retour-sur-le-decret-du-2-juillet-2015\\\/#breadcrumb\"},\"inLanguage\":\"fr-FR\",\"potentialAction\":[{\"@type\":\"ReadAction\",\"target\":[\"https:\\\/\\\/velocite-narbonne.fr\\\/index.php\\\/2015\\\/10\\\/20\\\/retour-sur-le-decret-du-2-juillet-2015\\\/\"]}]},{\"@type\":\"ImageObject\",\"inLanguage\":\"fr-FR\",\"@id\":\"https:\\\/\\\/velocite-narbonne.fr\\\/index.php\\\/2015\\\/10\\\/20\\\/retour-sur-le-decret-du-2-juillet-2015\\\/#primaryimage\",\"url\":\"https:\\\/\\\/velocite-narbonne.fr\\\/wp-content\\\/uploads\\\/2015\\\/10\\\/article-velocite1-scaled.jpg\",\"contentUrl\":\"https:\\\/\\\/velocite-narbonne.fr\\\/wp-content\\\/uploads\\\/2015\\\/10\\\/article-velocite1-scaled.jpg\",\"width\":1725,\"height\":2560},{\"@type\":\"BreadcrumbList\",\"@id\":\"https:\\\/\\\/velocite-narbonne.fr\\\/index.php\\\/2015\\\/10\\\/20\\\/retour-sur-le-decret-du-2-juillet-2015\\\/#breadcrumb\",\"itemListElement\":[{\"@type\":\"ListItem\",\"position\":1,\"name\":\"Accueil\",\"item\":\"https:\\\/\\\/velocite-narbonne.fr\\\/\"},{\"@type\":\"ListItem\",\"position\":2,\"name\":\"Retour sur le d\u00e9cret du 2 juillet 2015\"}]},{\"@type\":\"WebSite\",\"@id\":\"https:\\\/\\\/velocite-narbonne.fr\\\/#website\",\"url\":\"https:\\\/\\\/velocite-narbonne.fr\\\/\",\"name\":\"V\u00e9locit\u00e9 Narbonne\",\"description\":\"L&#039;association v\u00e9lo du Grand Narbonne\",\"publisher\":{\"@id\":\"https:\\\/\\\/velocite-narbonne.fr\\\/#organization\"},\"potentialAction\":[{\"@type\":\"SearchAction\",\"target\":{\"@type\":\"EntryPoint\",\"urlTemplate\":\"https:\\\/\\\/velocite-narbonne.fr\\\/?s={search_term_string}\"},\"query-input\":{\"@type\":\"PropertyValueSpecification\",\"valueRequired\":true,\"valueName\":\"search_term_string\"}}],\"inLanguage\":\"fr-FR\"},{\"@type\":\"Organization\",\"@id\":\"https:\\\/\\\/velocite-narbonne.fr\\\/#organization\",\"name\":\"V\u00e9locit\u00e9 Narbonne\",\"url\":\"https:\\\/\\\/velocite-narbonne.fr\\\/\",\"logo\":{\"@type\":\"ImageObject\",\"inLanguage\":\"fr-FR\",\"@id\":\"https:\\\/\\\/velocite-narbonne.fr\\\/#\\\/schema\\\/logo\\\/image\\\/\",\"url\":\"https:\\\/\\\/velocite-narbonne.fr\\\/wp-content\\\/uploads\\\/2021\\\/10\\\/cropped-Logo-velocite.png\",\"contentUrl\":\"https:\\\/\\\/velocite-narbonne.fr\\\/wp-content\\\/uploads\\\/2021\\\/10\\\/cropped-Logo-velocite.png\",\"width\":649,\"height\":216,\"caption\":\"V\u00e9locit\u00e9 Narbonne\"},\"image\":{\"@id\":\"https:\\\/\\\/velocite-narbonne.fr\\\/#\\\/schema\\\/logo\\\/image\\\/\"}},{\"@type\":\"Person\",\"@id\":\"https:\\\/\\\/velocite-narbonne.fr\\\/#\\\/schema\\\/person\\\/fe4f4b7c18b1a260278b766fd6d85f8e\",\"name\":\"V\u00e9locit\u00e9 Narbonne\",\"image\":{\"@type\":\"ImageObject\",\"inLanguage\":\"fr-FR\",\"@id\":\"https:\\\/\\\/secure.gravatar.com\\\/avatar\\\/5a306c8b3fd19df7d1bbb54a773d1bced553843b2c62396848e8a8c5cdde1b4a?s=96&d=mm&r=g\",\"url\":\"https:\\\/\\\/secure.gravatar.com\\\/avatar\\\/5a306c8b3fd19df7d1bbb54a773d1bced553843b2c62396848e8a8c5cdde1b4a?s=96&d=mm&r=g\",\"contentUrl\":\"https:\\\/\\\/secure.gravatar.com\\\/avatar\\\/5a306c8b3fd19df7d1bbb54a773d1bced553843b2c62396848e8a8c5cdde1b4a?s=96&d=mm&r=g\",\"caption\":\"V\u00e9locit\u00e9 Narbonne\"},\"url\":\"https:\\\/\\\/velocite-narbonne.fr\\\/index.php\\\/author\\\/velocitenarbonne\\\/\"}]}<\/script>\n<!-- \/ Yoast SEO plugin. -->","yoast_head_json":{"title":"Retour sur le d\u00e9cret du 2 juillet 2015 - V\u00e9locit\u00e9 Narbonne","robots":{"index":"index","follow":"follow","max-snippet":"max-snippet:-1","max-image-preview":"max-image-preview:large","max-video-preview":"max-video-preview:-1"},"canonical":"https:\/\/velocite-narbonne.fr\/index.php\/2015\/10\/20\/retour-sur-le-decret-du-2-juillet-2015\/","og_locale":"fr_FR","og_type":"article","og_title":"Retour sur le d\u00e9cret du 2 juillet 2015 - V\u00e9locit\u00e9 Narbonne","og_description":"Un d\u00e9cret du 2 Juillet dernier modifiant des r\u00e8gles du code de la route est pass\u00e9 assez inaper\u00e7u.R\u00e9sultat d&rsquo;une concertation qui a abouti \u00e0 un [...]","og_url":"https:\/\/velocite-narbonne.fr\/index.php\/2015\/10\/20\/retour-sur-le-decret-du-2-juillet-2015\/","og_site_name":"V\u00e9locit\u00e9 Narbonne","article_published_time":"2015-10-20T14:39:33+00:00","article_modified_time":"2022-12-22T19:32:03+00:00","og_image":[{"url":"https:\/\/velocite-narbonne.fr\/wp-content\/uploads\/2015\/10\/article-velocite1-scaled.jpg","type":"","width":"","height":""}],"author":"V\u00e9locit\u00e9 Narbonne","twitter_card":"summary_large_image","twitter_misc":{"\u00c9crit par":"V\u00e9locit\u00e9 Narbonne","Dur\u00e9e de lecture estim\u00e9e":"2 minutes"},"schema":{"@context":"https:\/\/schema.org","@graph":[{"@type":"Article","@id":"https:\/\/velocite-narbonne.fr\/index.php\/2015\/10\/20\/retour-sur-le-decret-du-2-juillet-2015\/#article","isPartOf":{"@id":"https:\/\/velocite-narbonne.fr\/index.php\/2015\/10\/20\/retour-sur-le-decret-du-2-juillet-2015\/"},"author":{"name":"V\u00e9locit\u00e9 Narbonne","@id":"https:\/\/velocite-narbonne.fr\/#\/schema\/person\/fe4f4b7c18b1a260278b766fd6d85f8e"},"headline":"Retour sur le d\u00e9cret du 2 juillet 2015","datePublished":"2015-10-20T14:39:33+00:00","dateModified":"2022-12-22T19:32:03+00:00","mainEntityOfPage":{"@id":"https:\/\/velocite-narbonne.fr\/index.php\/2015\/10\/20\/retour-sur-le-decret-du-2-juillet-2015\/"},"wordCount":185,"commentCount":0,"publisher":{"@id":"https:\/\/velocite-narbonne.fr\/#organization"},"image":{"@id":"https:\/\/velocite-narbonne.fr\/index.php\/2015\/10\/20\/retour-sur-le-decret-du-2-juillet-2015\/#primaryimage"},"thumbnailUrl":"https:\/\/velocite-narbonne.fr\/wp-content\/uploads\/2015\/10\/article-velocite1-scaled.jpg","articleSection":["Lois et r\u00e8glements"],"inLanguage":"fr-FR","potentialAction":[{"@type":"CommentAction","name":"Comment","target":["https:\/\/velocite-narbonne.fr\/index.php\/2015\/10\/20\/retour-sur-le-decret-du-2-juillet-2015\/#respond"]}]},{"@type":"WebPage","@id":"https:\/\/velocite-narbonne.fr\/index.php\/2015\/10\/20\/retour-sur-le-decret-du-2-juillet-2015\/","url":"https:\/\/velocite-narbonne.fr\/index.php\/2015\/10\/20\/retour-sur-le-decret-du-2-juillet-2015\/","name":"Retour sur le d\u00e9cret du 2 juillet 2015 - V\u00e9locit\u00e9 Narbonne","isPartOf":{"@id":"https:\/\/velocite-narbonne.fr\/#website"},"primaryImageOfPage":{"@id":"https:\/\/velocite-narbonne.fr\/index.php\/2015\/10\/20\/retour-sur-le-decret-du-2-juillet-2015\/#primaryimage"},"image":{"@id":"https:\/\/velocite-narbonne.fr\/index.php\/2015\/10\/20\/retour-sur-le-decret-du-2-juillet-2015\/#primaryimage"},"thumbnailUrl":"https:\/\/velocite-narbonne.fr\/wp-content\/uploads\/2015\/10\/article-velocite1-scaled.jpg","datePublished":"2015-10-20T14:39:33+00:00","dateModified":"2022-12-22T19:32:03+00:00","breadcrumb":{"@id":"https:\/\/velocite-narbonne.fr\/index.php\/2015\/10\/20\/retour-sur-le-decret-du-2-juillet-2015\/#breadcrumb"},"inLanguage":"fr-FR","potentialAction":[{"@type":"ReadAction","target":["https:\/\/velocite-narbonne.fr\/index.php\/2015\/10\/20\/retour-sur-le-decret-du-2-juillet-2015\/"]}]},{"@type":"ImageObject","inLanguage":"fr-FR","@id":"https:\/\/velocite-narbonne.fr\/index.php\/2015\/10\/20\/retour-sur-le-decret-du-2-juillet-2015\/#primaryimage","url":"https:\/\/velocite-narbonne.fr\/wp-content\/uploads\/2015\/10\/article-velocite1-scaled.jpg","contentUrl":"https:\/\/velocite-narbonne.fr\/wp-content\/uploads\/2015\/10\/article-velocite1-scaled.jpg","width":1725,"height":2560},{"@type":"BreadcrumbList","@id":"https:\/\/velocite-narbonne.fr\/index.php\/2015\/10\/20\/retour-sur-le-decret-du-2-juillet-2015\/#breadcrumb","itemListElement":[{"@type":"ListItem","position":1,"name":"Accueil","item":"https:\/\/velocite-narbonne.fr\/"},{"@type":"ListItem","position":2,"name":"Retour sur le d\u00e9cret du 2 juillet 2015"}]},{"@type":"WebSite","@id":"https:\/\/velocite-narbonne.fr\/#website","url":"https:\/\/velocite-narbonne.fr\/","name":"V\u00e9locit\u00e9 Narbonne","description":"L&#039;association v\u00e9lo du Grand Narbonne","publisher":{"@id":"https:\/\/velocite-narbonne.fr\/#organization"},"potentialAction":[{"@type":"SearchAction","target":{"@type":"EntryPoint","urlTemplate":"https:\/\/velocite-narbonne.fr\/?s={search_term_string}"},"query-input":{"@type":"PropertyValueSpecification","valueRequired":true,"valueName":"search_term_string"}}],"inLanguage":"fr-FR"},{"@type":"Organization","@id":"https:\/\/velocite-narbonne.fr\/#organization","name":"V\u00e9locit\u00e9 Narbonne","url":"https:\/\/velocite-narbonne.fr\/","logo":{"@type":"ImageObject","inLanguage":"fr-FR","@id":"https:\/\/velocite-narbonne.fr\/#\/schema\/logo\/image\/","url":"https:\/\/velocite-narbonne.fr\/wp-content\/uploads\/2021\/10\/cropped-Logo-velocite.png","contentUrl":"https:\/\/velocite-narbonne.fr\/wp-content\/uploads\/2021\/10\/cropped-Logo-velocite.png","width":649,"height":216,"caption":"V\u00e9locit\u00e9 Narbonne"},"image":{"@id":"https:\/\/velocite-narbonne.fr\/#\/schema\/logo\/image\/"}},{"@type":"Person","@id":"https:\/\/velocite-narbonne.fr\/#\/schema\/person\/fe4f4b7c18b1a260278b766fd6d85f8e","name":"V\u00e9locit\u00e9 Narbonne","image":{"@type":"ImageObject","inLanguage":"fr-FR","@id":"https:\/\/secure.gravatar.com\/avatar\/5a306c8b3fd19df7d1bbb54a773d1bced553843b2c62396848e8a8c5cdde1b4a?s=96&d=mm&r=g","url":"https:\/\/secure.gravatar.com\/avatar\/5a306c8b3fd19df7d1bbb54a773d1bced553843b2c62396848e8a8c5cdde1b4a?s=96&d=mm&r=g","contentUrl":"https:\/\/secure.gravatar.com\/avatar\/5a306c8b3fd19df7d1bbb54a773d1bced553843b2c62396848e8a8c5cdde1b4a?s=96&d=mm&r=g","caption":"V\u00e9locit\u00e9 Narbonne"},"url":"https:\/\/velocite-narbonne.fr\/index.php\/author\/velocitenarbonne\/"}]}},"_links":{"self":[{"href":"https:\/\/velocite-narbonne.fr\/index.php\/wp-json\/wp\/v2\/posts\/308","targetHints":{"allow":["GET"]}}],"collection":[{"href":"https:\/\/velocite-narbonne.fr\/index.php\/wp-json\/wp\/v2\/posts"}],"about":[{"href":"https:\/\/velocite-narbonne.fr\/index.php\/wp-json\/wp\/v2\/types\/post"}],"author":[{"embeddable":true,"href":"https:\/\/velocite-narbonne.fr\/index.php\/wp-json\/wp\/v2\/users\/20"}],"replies":[{"embeddable":true,"href":"https:\/\/velocite-narbonne.fr\/index.php\/wp-json\/wp\/v2\/comments?post=308"}],"version-history":[{"count":2,"href":"https:\/\/velocite-narbonne.fr\/index.php\/wp-json\/wp\/v2\/posts\/308\/revisions"}],"predecessor-version":[{"id":2351,"href":"https:\/\/velocite-narbonne.fr\/index.php\/wp-json\/wp\/v2\/posts\/308\/revisions\/2351"}],"wp:attachment":[{"href":"https:\/\/velocite-narbonne.fr\/index.php\/wp-json\/wp\/v2\/media?parent=308"}],"wp:term":[{"taxonomy":"category","embeddable":true,"href":"https:\/\/velocite-narbonne.fr\/index.php\/wp-json\/wp\/v2\/categories?post=308"},{"taxonomy":"post_tag","embeddable":true,"href":"https:\/\/velocite-narbonne.fr\/index.php\/wp-json\/wp\/v2\/tags?post=308"}],"curies":[{"name":"wp","href":"https:\/\/api.w.org\/{rel}","templated":true}]}}