{"id":3030,"date":"2024-07-26T17:41:32","date_gmt":"2024-07-26T15:41:32","guid":{"rendered":"https:\/\/velocite-narbonne.fr\/?p=3030"},"modified":"2024-07-26T17:41:38","modified_gmt":"2024-07-26T15:41:38","slug":"voyage-veloccitanie","status":"publish","type":"post","link":"https:\/\/velocite-narbonne.fr\/index.php\/2024\/07\/26\/voyage-veloccitanie\/","title":{"rendered":"Voyage sur la V\u00e9loccitanie"},"content":{"rendered":"\n<p>Lors du <a href=\"https:\/\/velocite-narbonne.fr\/index.php\/2024\/04\/15\/voyage-velo-veloccitanie\/\">long week-end de l\u2019Ascension<\/a>, V\u00e9locit\u00e9 Narbonne et <a href=\"https:\/\/www.cyclo-camping.international\/\" target=\"_blank\" rel=\"noreferrer noopener\">Cyclo-Camping International<\/a> ont organis\u00e9 un voyage \u00e0 v\u00e9lo sur la V\u00e9loccitanie.<\/p>\n\n\n\n<h2 class=\"wp-block-heading\">Mercredi 8 mai\u00a0: Narbonne \u2013 Colombiers\u00a0: 50 km<\/h2>\n\n\n\n<p>Nous sommes parti le mercredi matin de la M\u00e9diath\u00e8que. Nous avons long\u00e9 le Canal de la Robine vers le nord. On n&rsquo;a pas pris le trac\u00e9 officiel de l\u2019<a href=\"https:\/\/fr.eurovelo.com\/ev8\" target=\"_blank\" rel=\"noreferrer noopener\">eurov\u00e9lo 8<\/a>, pour \u00e9viter le point noir de l\u2019\u00e9cluse de Raonel. Nous avons continu\u00e9 jusqu\u2019au pont de chemin de fer, qui n\u2019est pas am\u00e9nag\u00e9, mais offre un trajet plus s\u00e9curis\u00e9. Nous avons continu\u00e9 le long du canal de jonction pour atteindre le canal du Midi.<\/p>\n\n\n\n<p>La partie audoise du canal du Midi est enfin rev\u00eatue, et y rouler est agr\u00e9able. Mais la partie h\u00e9raultaise est toujours dans son jus. Caillasse et terre battue, qui ne rendent pas la progression si agr\u00e9able. Mais c&rsquo;\u00e9tait heureusement compens\u00e9 par un agr\u00e9able vent dans le dos.<\/p>\n\n\n\n<p>Nous avons fait une pause d\u00e9jeuner sur les tables de pique-nique de la ville de Capestang.<\/p>\n\n\n\n<p>L\u2019apr\u00e8s-midi a \u00e9t\u00e9 plus culturelle, puisque nous avons visit\u00e9 l\u2019<a href=\"https:\/\/www.enserune.fr\/\" target=\"_blank\" rel=\"noreferrer noopener\">Oppidum d\u2019Ens\u00e9rune<\/a>, et avons pu admirer l\u2019\u00e9tang de Montady.<\/p>\n\n\n\n<figure class=\"wp-block-image size-large\"><img decoding=\"async\" width=\"1024\" height=\"768\" data-src=\"https:\/\/velocite-narbonne.fr\/wp-content\/uploads\/2024\/07\/20240508_1546117573958809775038613-1024x768.jpg\" alt=\"\" class=\"wp-image-3037 lazyload\" data-srcset=\"https:\/\/velocite-narbonne.fr\/wp-content\/uploads\/2024\/07\/20240508_1546117573958809775038613-1024x768.jpg 1024w, https:\/\/velocite-narbonne.fr\/wp-content\/uploads\/2024\/07\/20240508_1546117573958809775038613-300x225.jpg 300w, https:\/\/velocite-narbonne.fr\/wp-content\/uploads\/2024\/07\/20240508_1546117573958809775038613-768x576.jpg 768w, https:\/\/velocite-narbonne.fr\/wp-content\/uploads\/2024\/07\/20240508_1546117573958809775038613-1536x1152.jpg 1536w, https:\/\/velocite-narbonne.fr\/wp-content\/uploads\/2024\/07\/20240508_1546117573958809775038613-1800x1350.jpg 1800w, https:\/\/velocite-narbonne.fr\/wp-content\/uploads\/2024\/07\/20240508_1546117573958809775038613.jpg 2000w\" data-sizes=\"(max-width: 1024px) 100vw, 1024px\" src=\"data:image\/svg+xml;base64,PHN2ZyB3aWR0aD0iMSIgaGVpZ2h0PSIxIiB4bWxucz0iaHR0cDovL3d3dy53My5vcmcvMjAwMC9zdmciPjwvc3ZnPg==\" style=\"--smush-placeholder-width: 1024px; --smush-placeholder-aspect-ratio: 1024\/768;\" \/><\/figure>\n\n\n\n<p>Apr\u00e8s cette pause, nous avons continu\u00e9 jusqu\u2019au <a href=\"https:\/\/www.camping-colombiers.com\/\">camping de Colombiers<\/a>, o\u00f9 nous sous sommes install\u00e9s. Apr\u00e8s avoir mont\u00e9 les tentes, nous avons repris les v\u00e9los, d\u00e9lest\u00e9s de leurs bagages, pour continuer \u00e0 p\u00e9daler quelques kilom\u00e8tres en direction de B\u00e9ziers, jusqu\u2019aux <a href=\"https:\/\/www.beziers-mediterranee.com\/decouvrez\/le-canal-du-midi\/les-9-ecluses-de-fonseranes\/\" target=\"_blank\" rel=\"noreferrer noopener\">9 \u00e9cluses de Fons\u00e9rannes<\/a>.<\/p>\n\n\n\n<h2 class=\"wp-block-heading\">Jeudi\u00a09 mai : Colombiers \u2013 Le-Poujol-sur-Orb\u00a0: 80 km<\/h2>\n\n\n\n<p>Le temps gris de la veille a disparu, et c\u2019est sous un beau soleil qu\u2019on a entam\u00e9 notre parcours de la journ\u00e9e. On est revenu deux kilom\u00e8tres en arri\u00e8re, jusqu\u2019\u00e0 l\u2019entr\u00e9e de la <a href=\"https:\/\/www.veloccitanie.fr\/\" target=\"_blank\" rel=\"noreferrer noopener\">V\u00e9loccitanie <\/a>(V84), et on a chemin\u00e9 sur des routes de campagne peu fr\u00e9quent\u00e9es et relativement bien balis\u00e9es. Apr\u00e8s Maureilhan, on a rejoint une ancienne voie de chemin de fer am\u00e9nag\u00e9es, qui passe par l\u2019ancienne gare de Cazouls-les-B\u00e9ziers, transform\u00e9e en office de tourisme. <\/p>\n\n\n\n<figure class=\"wp-block-image size-large\"><img decoding=\"async\" width=\"1024\" height=\"768\" data-src=\"https:\/\/velocite-narbonne.fr\/wp-content\/uploads\/2024\/07\/20240603_1347205727193192263114002-1024x768.jpg\" alt=\"\" class=\"wp-image-3051 lazyload\" data-srcset=\"https:\/\/velocite-narbonne.fr\/wp-content\/uploads\/2024\/07\/20240603_1347205727193192263114002-1024x768.jpg 1024w, https:\/\/velocite-narbonne.fr\/wp-content\/uploads\/2024\/07\/20240603_1347205727193192263114002-300x225.jpg 300w, https:\/\/velocite-narbonne.fr\/wp-content\/uploads\/2024\/07\/20240603_1347205727193192263114002-768x576.jpg 768w, https:\/\/velocite-narbonne.fr\/wp-content\/uploads\/2024\/07\/20240603_1347205727193192263114002-1536x1152.jpg 1536w, https:\/\/velocite-narbonne.fr\/wp-content\/uploads\/2024\/07\/20240603_1347205727193192263114002-1800x1350.jpg 1800w, https:\/\/velocite-narbonne.fr\/wp-content\/uploads\/2024\/07\/20240603_1347205727193192263114002.jpg 2000w\" data-sizes=\"(max-width: 1024px) 100vw, 1024px\" src=\"data:image\/svg+xml;base64,PHN2ZyB3aWR0aD0iMSIgaGVpZ2h0PSIxIiB4bWxucz0iaHR0cDovL3d3dy53My5vcmcvMjAwMC9zdmciPjwvc3ZnPg==\" style=\"--smush-placeholder-width: 1024px; --smush-placeholder-aspect-ratio: 1024\/768;\" \/><\/figure>\n\n\n\n<p>On a continu\u00e9 jusqu\u2019\u00e0 R\u00e9als, o\u00f9 on a quitt\u00e9 la voie verte pour emprunter la route d\u00e9partementale qui traverse l\u2019Orb, jusqu\u2019\u00e0 Murviel-les-B\u00e9ziers, o\u00f9 on a fait quelques provisions. On a continu\u00e9 jusqu\u2019\u00e0 Puimisson, o\u00f9 on s\u2019est attabl\u00e9 \u00e0 une terrasse de caf\u00e9 pour d\u00e9jeuner.<\/p>\n\n\n\n<p>La matin\u00e9e, le parcours \u00e9tait l\u00e9g\u00e8rement vallonn\u00e9, au milieu des vignes. L\u2019apr\u00e8s-midi, ce sera bien plus dur, avec quelques belles mont\u00e9es, qu\u2019un soleil g\u00e9n\u00e9reux rendait particuli\u00e8rement \u00e9prouvantes. L\u2019ombre de quelques arbres nous a permis de nous reposer, avant de continuer l\u2019ascension, et de voir le paysage de vignes se transformer progressivement en un paysage bois\u00e9, au fur et \u00e0 mesure qu\u2019on se rapprochait de la cr\u00eate. <\/p>\n\n\n\n<figure class=\"wp-block-image size-large\"><img decoding=\"async\" width=\"1024\" height=\"768\" data-src=\"https:\/\/velocite-narbonne.fr\/wp-content\/uploads\/2024\/07\/20240509_1357484717619202957968952-1024x768.jpg\" alt=\"\" class=\"wp-image-3042 lazyload\" data-srcset=\"https:\/\/velocite-narbonne.fr\/wp-content\/uploads\/2024\/07\/20240509_1357484717619202957968952-1024x768.jpg 1024w, https:\/\/velocite-narbonne.fr\/wp-content\/uploads\/2024\/07\/20240509_1357484717619202957968952-300x225.jpg 300w, https:\/\/velocite-narbonne.fr\/wp-content\/uploads\/2024\/07\/20240509_1357484717619202957968952-768x576.jpg 768w, https:\/\/velocite-narbonne.fr\/wp-content\/uploads\/2024\/07\/20240509_1357484717619202957968952-1536x1152.jpg 1536w, https:\/\/velocite-narbonne.fr\/wp-content\/uploads\/2024\/07\/20240509_1357484717619202957968952-1800x1350.jpg 1800w, https:\/\/velocite-narbonne.fr\/wp-content\/uploads\/2024\/07\/20240509_1357484717619202957968952.jpg 2000w\" data-sizes=\"(max-width: 1024px) 100vw, 1024px\" src=\"data:image\/svg+xml;base64,PHN2ZyB3aWR0aD0iMSIgaGVpZ2h0PSIxIiB4bWxucz0iaHR0cDovL3d3dy53My5vcmcvMjAwMC9zdmciPjwvc3ZnPg==\" style=\"--smush-placeholder-width: 1024px; --smush-placeholder-aspect-ratio: 1024\/768;\" \/><\/figure>\n\n\n\n<p>Celle-ci atteinte, on est descendu sur B\u00e9darieux, et on s\u2019est un peu perdu en ville, en cherchant l\u2019entr\u00e9e de la <a href=\"https:\/\/www.minervois-caroux.com\/fr\/bouger\/voie-verte.html\" target=\"_blank\" rel=\"noreferrer noopener\">Passa Pa\u00efs<\/a>, la voie verte am\u00e9nag\u00e9e sur l\u2019ancienne ligne de chemin de fer B\u00e9darieux- Mazamet.<\/p>\n\n\n\n<p>On a avanc\u00e9 sur la voie verte, en direction de Lamalou-les-Bains, o\u00f9 on avait rep\u00e9r\u00e9 un camping. Arriv\u00e9 sur place, aucune trace. Manifestement, il avait \u00e9t\u00e9 remplac\u00e9 depuis plusieurs ann\u00e9es. On a donc continu\u00e9 3 kilom\u00e8tres jusqu\u2019au <a href=\"https:\/\/www.domainegatinie.com\/\" target=\"_blank\" rel=\"noreferrer noopener\">camping suivant<\/a>.<\/p>\n\n\n\n<p>Cette \u00e9tape est la plus difficile du parcours. Ceux qui veulent s\u2019en dispenser peuvent continuer le canal du Midi jusqu\u2019\u00e0 B\u00e9ziers et prendre un TER jusqu\u2019\u00e0 B\u00e9darieux.<\/p>\n\n\n\n<h2 class=\"wp-block-heading\">Vendredi 10 mai\u00a0: Le-Poujol-sur-Orb\u00a0&#8211; Saint-Amans-Soult\u00a0: 65 km<\/h2>\n\n\n\n<p>Apr\u00e8s une bonne nuit de repos, nous sommes parti de bonne heure. Nous avons eu un peu de mal \u00e0 rejoindre la voie verte, qui manquait d\u2019indication. Une fois dessus, \u00e7a a \u00e9t\u00e9 tr\u00e8s facile. \u00c9tant une ancienne voie de chemin de fer, elle est tr\u00e8s plate. Elle monte tr\u00e8s l\u00e9g\u00e8rement (moins de 1%) jusqu\u2019\u00e0 la limite du Tarn, avant de redescendre. Le rev\u00eatement est bien roulant et il y a pas mal d\u2019indications tout au long du parcours. Le cadre est agr\u00e9able, il y a des montagnes de tous les c\u00f4t\u00e9s. Il y a de l\u2019ombre, et pas trop de monde. <\/p>\n\n\n\n<figure class=\"wp-block-image size-large\"><img decoding=\"async\" width=\"1024\" height=\"768\" data-src=\"https:\/\/velocite-narbonne.fr\/wp-content\/uploads\/2024\/07\/20240510_0951534016818370022963381-1024x768.jpg\" alt=\"\" class=\"wp-image-3036 lazyload\" data-srcset=\"https:\/\/velocite-narbonne.fr\/wp-content\/uploads\/2024\/07\/20240510_0951534016818370022963381-1024x768.jpg 1024w, https:\/\/velocite-narbonne.fr\/wp-content\/uploads\/2024\/07\/20240510_0951534016818370022963381-300x225.jpg 300w, https:\/\/velocite-narbonne.fr\/wp-content\/uploads\/2024\/07\/20240510_0951534016818370022963381-768x576.jpg 768w, https:\/\/velocite-narbonne.fr\/wp-content\/uploads\/2024\/07\/20240510_0951534016818370022963381-1536x1152.jpg 1536w, https:\/\/velocite-narbonne.fr\/wp-content\/uploads\/2024\/07\/20240510_0951534016818370022963381-1800x1350.jpg 1800w, https:\/\/velocite-narbonne.fr\/wp-content\/uploads\/2024\/07\/20240510_0951534016818370022963381.jpg 2000w\" data-sizes=\"(max-width: 1024px) 100vw, 1024px\" src=\"data:image\/svg+xml;base64,PHN2ZyB3aWR0aD0iMSIgaGVpZ2h0PSIxIiB4bWxucz0iaHR0cDovL3d3dy53My5vcmcvMjAwMC9zdmciPjwvc3ZnPg==\" style=\"--smush-placeholder-width: 1024px; --smush-placeholder-aspect-ratio: 1024\/768;\" \/><\/figure>\n\n\n\n<p>Nous nous sommes arr\u00eat\u00e9 aux <a href=\"https:\/\/www.herault-tourisme.com\/fr\/fiche\/patrimoine-naturel\/les-gorges-d-heric-mons-la-trivalle_TFOPNALAR0340000021\/\" target=\"_blank\" rel=\"noreferrer noopener\">gorges d\u2019H\u00e9ric<\/a>. On les a remont\u00e9e \u00e0 pieds sur quelques kilom\u00e8tres, avant de repartir en direction d\u2019Olargues, un des plus beaux villages de France. Nous avons profit\u00e9 d\u2019une des nombreuses tables de pique-nique qui jalonnent la voie pour d\u00e9jeuner.<\/p>\n\n\n\n<figure class=\"wp-block-image size-large\"><img decoding=\"async\" width=\"768\" height=\"1024\" data-src=\"https:\/\/velocite-narbonne.fr\/wp-content\/uploads\/2024\/07\/20240510_1059025716522404437572937-768x1024.jpg\" alt=\"\" class=\"wp-image-3035 lazyload\" data-srcset=\"https:\/\/velocite-narbonne.fr\/wp-content\/uploads\/2024\/07\/20240510_1059025716522404437572937-768x1024.jpg 768w, https:\/\/velocite-narbonne.fr\/wp-content\/uploads\/2024\/07\/20240510_1059025716522404437572937-225x300.jpg 225w, https:\/\/velocite-narbonne.fr\/wp-content\/uploads\/2024\/07\/20240510_1059025716522404437572937-1152x1536.jpg 1152w, https:\/\/velocite-narbonne.fr\/wp-content\/uploads\/2024\/07\/20240510_1059025716522404437572937.jpg 1500w\" data-sizes=\"(max-width: 768px) 100vw, 768px\" src=\"data:image\/svg+xml;base64,PHN2ZyB3aWR0aD0iMSIgaGVpZ2h0PSIxIiB4bWxucz0iaHR0cDovL3d3dy53My5vcmcvMjAwMC9zdmciPjwvc3ZnPg==\" style=\"--smush-placeholder-width: 768px; --smush-placeholder-aspect-ratio: 768\/1024;\" \/><\/figure>\n\n\n\n<p>L\u2019apr\u00e8s-midi, nous avons continu\u00e9 \u00e0 arpenter la voie verte, en passant par des petits villages, jusqu\u2019\u00e0 Saint-Amans-Soult. Nous nous y sommes arr\u00eat\u00e9s dans un <a href=\"https:\/\/www.campingtarn.com\/fr\/camping-vallee-du-thore\" target=\"_blank\" rel=\"noreferrer noopener\">camping municipal<\/a>. Nous avons eu la chance d\u2019y rencontrer G\u00e9rard Bastide, ancien vice-pr\u00e9sident du <a href=\"https:\/\/www.parc-haut-languedoc.fr\/\" target=\"_blank\" rel=\"noreferrer noopener\">PNR du Haut-Languedoc<\/a>, d\u00e9l\u00e9gu\u00e9 <a href=\"https:\/\/af3v.org\/\" target=\"_blank\" rel=\"noreferrer noopener\">AF3V<\/a> et cheville ouvri\u00e8re de la V\u00e9loccitanie. On a pu \u00e9changer nos impressions et faire quelques suggestions d\u2019am\u00e9lioration.<\/p>\n\n\n\n<h2 class=\"wp-block-heading\">Samedi 11 mai&nbsp;: Saint-Amans-Soult \u2013 Sor\u00e8ze&nbsp;: 65 km<\/h2>\n\n\n\n<p>Nous avons termin\u00e9 la voie verte vers Mazamet, puis on a suivi le balisage \u00e0 travers la ville, puis la campagne pour aller jusqu\u2019\u00e0 Castres.<\/p>\n\n\n\n<figure class=\"wp-block-image size-large\"><img decoding=\"async\" width=\"1024\" height=\"768\" data-src=\"https:\/\/velocite-narbonne.fr\/wp-content\/uploads\/2024\/07\/20240511_1129451443359073020392309-1-1024x768.jpg\" alt=\"\" class=\"wp-image-3046 lazyload\" data-srcset=\"https:\/\/velocite-narbonne.fr\/wp-content\/uploads\/2024\/07\/20240511_1129451443359073020392309-1-1024x768.jpg 1024w, https:\/\/velocite-narbonne.fr\/wp-content\/uploads\/2024\/07\/20240511_1129451443359073020392309-1-300x225.jpg 300w, https:\/\/velocite-narbonne.fr\/wp-content\/uploads\/2024\/07\/20240511_1129451443359073020392309-1-768x576.jpg 768w, https:\/\/velocite-narbonne.fr\/wp-content\/uploads\/2024\/07\/20240511_1129451443359073020392309-1-1536x1152.jpg 1536w, https:\/\/velocite-narbonne.fr\/wp-content\/uploads\/2024\/07\/20240511_1129451443359073020392309-1.jpg 2000w\" data-sizes=\"(max-width: 1024px) 100vw, 1024px\" src=\"data:image\/svg+xml;base64,PHN2ZyB3aWR0aD0iMSIgaGVpZ2h0PSIxIiB4bWxucz0iaHR0cDovL3d3dy53My5vcmcvMjAwMC9zdmciPjwvc3ZnPg==\" style=\"--smush-placeholder-width: 1024px; --smush-placeholder-aspect-ratio: 1024\/768;\" \/><\/figure>\n\n\n\n<p>Nous nous sommes balad\u00e9 dans la Venise tarnaise et avons fait quelques emplettes au march\u00e9 pour le d\u00e9jeuner. On l&rsquo;a pris, \u00e0 l\u2019ombre, dans le Jardin de l\u2019\u00e9v\u00each\u00e9.<\/p>\n\n\n\n<p>Nous nous sommes ensuite dirig\u00e9 vers le sud, sur des petites routes de campagne un peu vallonn\u00e9es pour s\u2019arr\u00eater au <a href=\"https:\/\/www.campingsaintmartin.com\/\" target=\"_blank\" rel=\"noreferrer noopener\">camping de Sor\u00e8ze<\/a>. On en a profit\u00e9 pour faire un tour de la ville avec ses belles maisons anciennes et son abbaye-\u00e9cole.<\/p>\n\n\n\n<figure class=\"wp-block-image size-large\"><img decoding=\"async\" width=\"768\" height=\"1024\" data-src=\"https:\/\/velocite-narbonne.fr\/wp-content\/uploads\/2024\/07\/20240511_1719289077021123605256650-768x1024.jpg\" alt=\"\" class=\"wp-image-3040 lazyload\" data-srcset=\"https:\/\/velocite-narbonne.fr\/wp-content\/uploads\/2024\/07\/20240511_1719289077021123605256650-768x1024.jpg 768w, https:\/\/velocite-narbonne.fr\/wp-content\/uploads\/2024\/07\/20240511_1719289077021123605256650-225x300.jpg 225w, https:\/\/velocite-narbonne.fr\/wp-content\/uploads\/2024\/07\/20240511_1719289077021123605256650-1152x1536.jpg 1152w, https:\/\/velocite-narbonne.fr\/wp-content\/uploads\/2024\/07\/20240511_1719289077021123605256650-900x1200.jpg 900w, https:\/\/velocite-narbonne.fr\/wp-content\/uploads\/2024\/07\/20240511_1719289077021123605256650.jpg 1500w\" data-sizes=\"(max-width: 768px) 100vw, 768px\" src=\"data:image\/svg+xml;base64,PHN2ZyB3aWR0aD0iMSIgaGVpZ2h0PSIxIiB4bWxucz0iaHR0cDovL3d3dy53My5vcmcvMjAwMC9zdmciPjwvc3ZnPg==\" style=\"--smush-placeholder-width: 768px; --smush-placeholder-aspect-ratio: 768\/1024;\" \/><\/figure>\n\n\n\n<h2 class=\"wp-block-heading\">Dimanche 12 mai\u00a0: Sor\u00e8ze \u2013 Alzonne\u00a0: 85 km<\/h2>\n\n\n\n<p>On est parti par la \u00ab\u00a0voie verte\u00a0\u00bb, chemin de campagne agr\u00e9ment\u00e9s de panneaux, jusqu\u2019\u00e0 Revel. Nous avons fait le tour de la place avec sa splendide halle, et on a \u00e9t\u00e9 s\u2019approvisionner dans une d\u00e9licieuse boulangerie bio.<\/p>\n\n\n\n<figure class=\"wp-block-image size-large\"><img decoding=\"async\" width=\"768\" height=\"1024\" data-src=\"https:\/\/velocite-narbonne.fr\/wp-content\/uploads\/2024\/07\/20240512_0930362824172227468032642-768x1024.jpg\" alt=\"\" class=\"wp-image-3039 lazyload\" data-srcset=\"https:\/\/velocite-narbonne.fr\/wp-content\/uploads\/2024\/07\/20240512_0930362824172227468032642-768x1024.jpg 768w, https:\/\/velocite-narbonne.fr\/wp-content\/uploads\/2024\/07\/20240512_0930362824172227468032642-225x300.jpg 225w, https:\/\/velocite-narbonne.fr\/wp-content\/uploads\/2024\/07\/20240512_0930362824172227468032642-1152x1536.jpg 1152w, https:\/\/velocite-narbonne.fr\/wp-content\/uploads\/2024\/07\/20240512_0930362824172227468032642-900x1200.jpg 900w, https:\/\/velocite-narbonne.fr\/wp-content\/uploads\/2024\/07\/20240512_0930362824172227468032642.jpg 1500w\" data-sizes=\"(max-width: 768px) 100vw, 768px\" src=\"data:image\/svg+xml;base64,PHN2ZyB3aWR0aD0iMSIgaGVpZ2h0PSIxIiB4bWxucz0iaHR0cDovL3d3dy53My5vcmcvMjAwMC9zdmciPjwvc3ZnPg==\" style=\"--smush-placeholder-width: 768px; --smush-placeholder-aspect-ratio: 768\/1024;\" \/><\/figure>\n\n\n\n<p>On a quitt\u00e9 la ville et on s\u2019est dirig\u00e9 vers la rigole de la Plaine. Elle am\u00e8ne les eaux du <a href=\"https:\/\/www.hautegaronnetourisme.com\/activites\/lac-de-saint-ferreol\/\" target=\"_blank\" rel=\"noreferrer noopener\">lac de Saint-Ferr\u00e9ol<\/a> dans le canal du Midi. Une piste cyclable tr\u00e8s agr\u00e9able et ombrag\u00e9e est r\u00e9alis\u00e9e sur les premiers kilom\u00e8tres. Mais par apr\u00e8s, on doit slalomer entre les racines et les cailloux, ce qui est beaucoup moins agr\u00e9able.<\/p>\n\n\n\n<p>On a termin\u00e9 cette partie au seuil de Naurouze, qui est le point le plus \u00e9lev\u00e9 du canal du Midi. Les eaux y sont r\u00e9parties entres les deux parties du canal. On a profit\u00e9 des tables de pique-nique pour casser la cro\u00fbte.<\/p>\n\n\n\n<p>Une fois rassasi\u00e9, on a pris le canal du Midi vers l\u2019est. Le rev\u00eatement est caillouteux et sableux. Ce n\u2019est pas l\u2019id\u00e9al, mais c\u2019est un rev\u00eatement provisoire en attendant le remplacement des platanes qui devront \u00eatre abattus \u00e0 cause de la maladie du chancre color\u00e9. Si rouler sur un tel mat\u00e9riau n\u2019est pas parfait, c\u2019est sans commune mesure avec la situation qui pr\u00e9valait il y a quelques ann\u00e9es.<\/p>\n\n\n\n<figure class=\"wp-block-image size-large\"><img decoding=\"async\" width=\"1024\" height=\"768\" data-src=\"https:\/\/velocite-narbonne.fr\/wp-content\/uploads\/2024\/07\/20240512_1359495084986486928320036-1024x768.jpg\" alt=\"\" class=\"wp-image-3041 lazyload\" data-srcset=\"https:\/\/velocite-narbonne.fr\/wp-content\/uploads\/2024\/07\/20240512_1359495084986486928320036-1024x768.jpg 1024w, https:\/\/velocite-narbonne.fr\/wp-content\/uploads\/2024\/07\/20240512_1359495084986486928320036-300x225.jpg 300w, https:\/\/velocite-narbonne.fr\/wp-content\/uploads\/2024\/07\/20240512_1359495084986486928320036-768x576.jpg 768w, https:\/\/velocite-narbonne.fr\/wp-content\/uploads\/2024\/07\/20240512_1359495084986486928320036-1536x1152.jpg 1536w, https:\/\/velocite-narbonne.fr\/wp-content\/uploads\/2024\/07\/20240512_1359495084986486928320036-1800x1350.jpg 1800w, https:\/\/velocite-narbonne.fr\/wp-content\/uploads\/2024\/07\/20240512_1359495084986486928320036.jpg 2000w\" data-sizes=\"(max-width: 1024px) 100vw, 1024px\" src=\"data:image\/svg+xml;base64,PHN2ZyB3aWR0aD0iMSIgaGVpZ2h0PSIxIiB4bWxucz0iaHR0cDovL3d3dy53My5vcmcvMjAwMC9zdmciPjwvc3ZnPg==\" style=\"--smush-placeholder-width: 1024px; --smush-placeholder-aspect-ratio: 1024\/768;\" \/><\/figure>\n\n\n\n<p>On avait pr\u00e9vu de s\u2019arr\u00eater \u00e0 Castelnaudary, mais le vent de face qui s\u2019annon\u00e7ait pour le lendemain nous a incit\u00e9 \u00e0 continuer. On est ainsi pass\u00e9 par Bram, qui pr\u00e9sente une circulade impressionnante et d\u00e9veloppe une politique v\u00e9lo ambitieuse.<\/p>\n\n\n\n<p>Encore quelques kilom\u00e8tres sur le canal, et on s\u2019est arr\u00eat\u00e9 au <a href=\"https:\/\/www.lescaleoccitane.com\/fr-fr\/\" target=\"_blank\" rel=\"noreferrer noopener\">camping d\u2019Alzonne<\/a>.<\/p>\n\n\n\n<h2 class=\"wp-block-heading\">Lundi 11 mai&nbsp;: Alzonne \u2013 Carcassonne&nbsp;: 25 km<\/h2>\n\n\n\n<p>On est parti avant que le vent ne se l\u00e8ve pour arriver d\u00e8s que possible \u00e0 Carcassonne. Mission r\u00e9ussie, puisqu\u2019on y \u00e9tait bien avant midi. On a donc pu aller faire un tour de la Cit\u00e9, avant de prendre le train pour rejoindre ses p\u00e9nates.<\/p>\n\n\n\n<figure class=\"wp-block-image size-large\"><img decoding=\"async\" width=\"768\" height=\"1024\" data-src=\"https:\/\/velocite-narbonne.fr\/wp-content\/uploads\/2024\/07\/20240513_1636097901692795975941761-1-768x1024.jpg\" alt=\"\" class=\"wp-image-3044 lazyload\" data-srcset=\"https:\/\/velocite-narbonne.fr\/wp-content\/uploads\/2024\/07\/20240513_1636097901692795975941761-1-768x1024.jpg 768w, https:\/\/velocite-narbonne.fr\/wp-content\/uploads\/2024\/07\/20240513_1636097901692795975941761-1-225x300.jpg 225w, https:\/\/velocite-narbonne.fr\/wp-content\/uploads\/2024\/07\/20240513_1636097901692795975941761-1-1152x1536.jpg 1152w, https:\/\/velocite-narbonne.fr\/wp-content\/uploads\/2024\/07\/20240513_1636097901692795975941761-1-900x1200.jpg 900w, https:\/\/velocite-narbonne.fr\/wp-content\/uploads\/2024\/07\/20240513_1636097901692795975941761-1.jpg 1500w\" data-sizes=\"(max-width: 768px) 100vw, 768px\" src=\"data:image\/svg+xml;base64,PHN2ZyB3aWR0aD0iMSIgaGVpZ2h0PSIxIiB4bWxucz0iaHR0cDovL3d3dy53My5vcmcvMjAwMC9zdmciPjwvc3ZnPg==\" style=\"--smush-placeholder-width: 768px; --smush-placeholder-aspect-ratio: 768\/1024;\" \/><\/figure>\n\n\n\n<p>Retrouvez plus de photos sur <a href=\"https:\/\/www.polarsteps.com\/JoelaVelo\/12660347-veloccitanie\" target=\"_blank\" rel=\"noreferrer noopener\">Polarsteps<\/a><\/p>\n","protected":false},"excerpt":{"rendered":"<p>Lors du long week-end de l\u2019Ascension, V\u00e9locit\u00e9 Narbonne et Cyclo-Camping International ont organis\u00e9 un voyage \u00e0 v\u00e9lo sur la V\u00e9loccitanie. Mercredi 8 mai\u00a0: Narbonne \u2013 [&#8230;]<\/p>\n","protected":false},"author":18,"featured_media":3036,"comment_status":"open","ping_status":"closed","sticky":false,"template":"","format":"standard","meta":{"footnotes":""},"categories":[127],"tags":[],"class_list":["post-3030","post","type-post","status-publish","format-standard","has-post-thumbnail","hentry","category-voyages"],"yoast_head":"<!-- This site is optimized with the Yoast SEO plugin v27.5 - https:\/\/yoast.com\/product\/yoast-seo-wordpress\/ -->\n<title>voyage v\u00e9loccitanie<\/title>\n<meta name=\"description\" content=\"Compte-rendu du voyage \u00e0 v\u00e9lo que nous avons organis\u00e9 durant le cong\u00e9 de l&#039;ascension sur le canal du midi et la v\u00e9loccitanie.\" \/>\n<meta name=\"robots\" content=\"index, follow, max-snippet:-1, max-image-preview:large, max-video-preview:-1\" \/>\n<link rel=\"canonical\" href=\"https:\/\/velocite-narbonne.fr\/index.php\/2024\/07\/26\/voyage-veloccitanie\/\" \/>\n<meta property=\"og:locale\" content=\"fr_FR\" \/>\n<meta property=\"og:type\" content=\"article\" \/>\n<meta property=\"og:title\" content=\"voyage v\u00e9loccitanie\" \/>\n<meta property=\"og:description\" content=\"Compte-rendu du voyage \u00e0 v\u00e9lo que nous avons organis\u00e9 durant le cong\u00e9 de l&#039;ascension sur le canal du midi et la v\u00e9loccitanie.\" \/>\n<meta property=\"og:url\" content=\"https:\/\/velocite-narbonne.fr\/index.php\/2024\/07\/26\/voyage-veloccitanie\/\" \/>\n<meta property=\"og:site_name\" content=\"V\u00e9locit\u00e9 Narbonne\" \/>\n<meta property=\"article:published_time\" content=\"2024-07-26T15:41:32+00:00\" \/>\n<meta property=\"article:modified_time\" content=\"2024-07-26T15:41:38+00:00\" \/>\n<meta property=\"og:image\" content=\"https:\/\/velocite-narbonne.fr\/wp-content\/uploads\/2024\/07\/20240510_0951534016818370022963381.jpg\" \/>\n\t<meta property=\"og:image:width\" content=\"2000\" \/>\n\t<meta property=\"og:image:height\" content=\"1500\" \/>\n\t<meta property=\"og:image:type\" content=\"image\/jpeg\" \/>\n<meta name=\"author\" content=\"Jo\u00ebl Brich\" \/>\n<meta name=\"twitter:card\" content=\"summary_large_image\" \/>\n<meta name=\"twitter:label1\" content=\"\u00c9crit par\" \/>\n\t<meta name=\"twitter:data1\" content=\"Jo\u00ebl Brich\" \/>\n\t<meta name=\"twitter:label2\" content=\"Dur\u00e9e de lecture estim\u00e9e\" \/>\n\t<meta name=\"twitter:data2\" content=\"9 minutes\" \/>\n<script type=\"application\/ld+json\" class=\"yoast-schema-graph\">{\"@context\":\"https:\\\/\\\/schema.org\",\"@graph\":[{\"@type\":\"Article\",\"@id\":\"https:\\\/\\\/velocite-narbonne.fr\\\/index.php\\\/2024\\\/07\\\/26\\\/voyage-veloccitanie\\\/#article\",\"isPartOf\":{\"@id\":\"https:\\\/\\\/velocite-narbonne.fr\\\/index.php\\\/2024\\\/07\\\/26\\\/voyage-veloccitanie\\\/\"},\"author\":{\"name\":\"Jo\u00ebl Brich\",\"@id\":\"https:\\\/\\\/velocite-narbonne.fr\\\/#\\\/schema\\\/person\\\/d17dc5dc9ddcefd5daade5c87e567f75\"},\"headline\":\"Voyage sur la V\u00e9loccitanie\",\"datePublished\":\"2024-07-26T15:41:32+00:00\",\"dateModified\":\"2024-07-26T15:41:38+00:00\",\"mainEntityOfPage\":{\"@id\":\"https:\\\/\\\/velocite-narbonne.fr\\\/index.php\\\/2024\\\/07\\\/26\\\/voyage-veloccitanie\\\/\"},\"wordCount\":1322,\"commentCount\":2,\"publisher\":{\"@id\":\"https:\\\/\\\/velocite-narbonne.fr\\\/#organization\"},\"image\":{\"@id\":\"https:\\\/\\\/velocite-narbonne.fr\\\/index.php\\\/2024\\\/07\\\/26\\\/voyage-veloccitanie\\\/#primaryimage\"},\"thumbnailUrl\":\"https:\\\/\\\/velocite-narbonne.fr\\\/wp-content\\\/uploads\\\/2024\\\/07\\\/20240510_0951534016818370022963381.jpg\",\"articleSection\":[\"Voyages\"],\"inLanguage\":\"fr-FR\",\"potentialAction\":[{\"@type\":\"CommentAction\",\"name\":\"Comment\",\"target\":[\"https:\\\/\\\/velocite-narbonne.fr\\\/index.php\\\/2024\\\/07\\\/26\\\/voyage-veloccitanie\\\/#respond\"]}]},{\"@type\":\"WebPage\",\"@id\":\"https:\\\/\\\/velocite-narbonne.fr\\\/index.php\\\/2024\\\/07\\\/26\\\/voyage-veloccitanie\\\/\",\"url\":\"https:\\\/\\\/velocite-narbonne.fr\\\/index.php\\\/2024\\\/07\\\/26\\\/voyage-veloccitanie\\\/\",\"name\":\"voyage v\u00e9loccitanie\",\"isPartOf\":{\"@id\":\"https:\\\/\\\/velocite-narbonne.fr\\\/#website\"},\"primaryImageOfPage\":{\"@id\":\"https:\\\/\\\/velocite-narbonne.fr\\\/index.php\\\/2024\\\/07\\\/26\\\/voyage-veloccitanie\\\/#primaryimage\"},\"image\":{\"@id\":\"https:\\\/\\\/velocite-narbonne.fr\\\/index.php\\\/2024\\\/07\\\/26\\\/voyage-veloccitanie\\\/#primaryimage\"},\"thumbnailUrl\":\"https:\\\/\\\/velocite-narbonne.fr\\\/wp-content\\\/uploads\\\/2024\\\/07\\\/20240510_0951534016818370022963381.jpg\",\"datePublished\":\"2024-07-26T15:41:32+00:00\",\"dateModified\":\"2024-07-26T15:41:38+00:00\",\"description\":\"Compte-rendu du voyage \u00e0 v\u00e9lo que nous avons organis\u00e9 durant le cong\u00e9 de l'ascension sur le canal du midi et la v\u00e9loccitanie.\",\"breadcrumb\":{\"@id\":\"https:\\\/\\\/velocite-narbonne.fr\\\/index.php\\\/2024\\\/07\\\/26\\\/voyage-veloccitanie\\\/#breadcrumb\"},\"inLanguage\":\"fr-FR\",\"potentialAction\":[{\"@type\":\"ReadAction\",\"target\":[\"https:\\\/\\\/velocite-narbonne.fr\\\/index.php\\\/2024\\\/07\\\/26\\\/voyage-veloccitanie\\\/\"]}]},{\"@type\":\"ImageObject\",\"inLanguage\":\"fr-FR\",\"@id\":\"https:\\\/\\\/velocite-narbonne.fr\\\/index.php\\\/2024\\\/07\\\/26\\\/voyage-veloccitanie\\\/#primaryimage\",\"url\":\"https:\\\/\\\/velocite-narbonne.fr\\\/wp-content\\\/uploads\\\/2024\\\/07\\\/20240510_0951534016818370022963381.jpg\",\"contentUrl\":\"https:\\\/\\\/velocite-narbonne.fr\\\/wp-content\\\/uploads\\\/2024\\\/07\\\/20240510_0951534016818370022963381.jpg\",\"width\":2000,\"height\":1500},{\"@type\":\"BreadcrumbList\",\"@id\":\"https:\\\/\\\/velocite-narbonne.fr\\\/index.php\\\/2024\\\/07\\\/26\\\/voyage-veloccitanie\\\/#breadcrumb\",\"itemListElement\":[{\"@type\":\"ListItem\",\"position\":1,\"name\":\"Accueil\",\"item\":\"https:\\\/\\\/velocite-narbonne.fr\\\/\"},{\"@type\":\"ListItem\",\"position\":2,\"name\":\"Voyage sur la V\u00e9loccitanie\"}]},{\"@type\":\"WebSite\",\"@id\":\"https:\\\/\\\/velocite-narbonne.fr\\\/#website\",\"url\":\"https:\\\/\\\/velocite-narbonne.fr\\\/\",\"name\":\"V\u00e9locit\u00e9 Narbonne\",\"description\":\"L&#039;association v\u00e9lo du Grand Narbonne\",\"publisher\":{\"@id\":\"https:\\\/\\\/velocite-narbonne.fr\\\/#organization\"},\"potentialAction\":[{\"@type\":\"SearchAction\",\"target\":{\"@type\":\"EntryPoint\",\"urlTemplate\":\"https:\\\/\\\/velocite-narbonne.fr\\\/?s={search_term_string}\"},\"query-input\":{\"@type\":\"PropertyValueSpecification\",\"valueRequired\":true,\"valueName\":\"search_term_string\"}}],\"inLanguage\":\"fr-FR\"},{\"@type\":\"Organization\",\"@id\":\"https:\\\/\\\/velocite-narbonne.fr\\\/#organization\",\"name\":\"V\u00e9locit\u00e9 Narbonne\",\"url\":\"https:\\\/\\\/velocite-narbonne.fr\\\/\",\"logo\":{\"@type\":\"ImageObject\",\"inLanguage\":\"fr-FR\",\"@id\":\"https:\\\/\\\/velocite-narbonne.fr\\\/#\\\/schema\\\/logo\\\/image\\\/\",\"url\":\"https:\\\/\\\/velocite-narbonne.fr\\\/wp-content\\\/uploads\\\/2021\\\/10\\\/cropped-Logo-velocite.png\",\"contentUrl\":\"https:\\\/\\\/velocite-narbonne.fr\\\/wp-content\\\/uploads\\\/2021\\\/10\\\/cropped-Logo-velocite.png\",\"width\":649,\"height\":216,\"caption\":\"V\u00e9locit\u00e9 Narbonne\"},\"image\":{\"@id\":\"https:\\\/\\\/velocite-narbonne.fr\\\/#\\\/schema\\\/logo\\\/image\\\/\"}},{\"@type\":\"Person\",\"@id\":\"https:\\\/\\\/velocite-narbonne.fr\\\/#\\\/schema\\\/person\\\/d17dc5dc9ddcefd5daade5c87e567f75\",\"name\":\"Jo\u00ebl Brich\",\"image\":{\"@type\":\"ImageObject\",\"inLanguage\":\"fr-FR\",\"@id\":\"https:\\\/\\\/secure.gravatar.com\\\/avatar\\\/23b9446b897a6bcf49cad3e59721923dfa689e30c7b2b15edeaf45eeb94f51ea?s=96&d=mm&r=g\",\"url\":\"https:\\\/\\\/secure.gravatar.com\\\/avatar\\\/23b9446b897a6bcf49cad3e59721923dfa689e30c7b2b15edeaf45eeb94f51ea?s=96&d=mm&r=g\",\"contentUrl\":\"https:\\\/\\\/secure.gravatar.com\\\/avatar\\\/23b9446b897a6bcf49cad3e59721923dfa689e30c7b2b15edeaf45eeb94f51ea?s=96&d=mm&r=g\",\"caption\":\"Jo\u00ebl Brich\"},\"url\":\"https:\\\/\\\/velocite-narbonne.fr\\\/index.php\\\/author\\\/joel\\\/\"}]}<\/script>\n<!-- \/ Yoast SEO plugin. -->","yoast_head_json":{"title":"voyage v\u00e9loccitanie","description":"Compte-rendu du voyage \u00e0 v\u00e9lo que nous avons organis\u00e9 durant le cong\u00e9 de l'ascension sur le canal du midi et la v\u00e9loccitanie.","robots":{"index":"index","follow":"follow","max-snippet":"max-snippet:-1","max-image-preview":"max-image-preview:large","max-video-preview":"max-video-preview:-1"},"canonical":"https:\/\/velocite-narbonne.fr\/index.php\/2024\/07\/26\/voyage-veloccitanie\/","og_locale":"fr_FR","og_type":"article","og_title":"voyage v\u00e9loccitanie","og_description":"Compte-rendu du voyage \u00e0 v\u00e9lo que nous avons organis\u00e9 durant le cong\u00e9 de l'ascension sur le canal du midi et la v\u00e9loccitanie.","og_url":"https:\/\/velocite-narbonne.fr\/index.php\/2024\/07\/26\/voyage-veloccitanie\/","og_site_name":"V\u00e9locit\u00e9 Narbonne","article_published_time":"2024-07-26T15:41:32+00:00","article_modified_time":"2024-07-26T15:41:38+00:00","og_image":[{"width":2000,"height":1500,"url":"https:\/\/velocite-narbonne.fr\/wp-content\/uploads\/2024\/07\/20240510_0951534016818370022963381.jpg","type":"image\/jpeg"}],"author":"Jo\u00ebl Brich","twitter_card":"summary_large_image","twitter_misc":{"\u00c9crit par":"Jo\u00ebl Brich","Dur\u00e9e de lecture estim\u00e9e":"9 minutes"},"schema":{"@context":"https:\/\/schema.org","@graph":[{"@type":"Article","@id":"https:\/\/velocite-narbonne.fr\/index.php\/2024\/07\/26\/voyage-veloccitanie\/#article","isPartOf":{"@id":"https:\/\/velocite-narbonne.fr\/index.php\/2024\/07\/26\/voyage-veloccitanie\/"},"author":{"name":"Jo\u00ebl Brich","@id":"https:\/\/velocite-narbonne.fr\/#\/schema\/person\/d17dc5dc9ddcefd5daade5c87e567f75"},"headline":"Voyage sur la V\u00e9loccitanie","datePublished":"2024-07-26T15:41:32+00:00","dateModified":"2024-07-26T15:41:38+00:00","mainEntityOfPage":{"@id":"https:\/\/velocite-narbonne.fr\/index.php\/2024\/07\/26\/voyage-veloccitanie\/"},"wordCount":1322,"commentCount":2,"publisher":{"@id":"https:\/\/velocite-narbonne.fr\/#organization"},"image":{"@id":"https:\/\/velocite-narbonne.fr\/index.php\/2024\/07\/26\/voyage-veloccitanie\/#primaryimage"},"thumbnailUrl":"https:\/\/velocite-narbonne.fr\/wp-content\/uploads\/2024\/07\/20240510_0951534016818370022963381.jpg","articleSection":["Voyages"],"inLanguage":"fr-FR","potentialAction":[{"@type":"CommentAction","name":"Comment","target":["https:\/\/velocite-narbonne.fr\/index.php\/2024\/07\/26\/voyage-veloccitanie\/#respond"]}]},{"@type":"WebPage","@id":"https:\/\/velocite-narbonne.fr\/index.php\/2024\/07\/26\/voyage-veloccitanie\/","url":"https:\/\/velocite-narbonne.fr\/index.php\/2024\/07\/26\/voyage-veloccitanie\/","name":"voyage v\u00e9loccitanie","isPartOf":{"@id":"https:\/\/velocite-narbonne.fr\/#website"},"primaryImageOfPage":{"@id":"https:\/\/velocite-narbonne.fr\/index.php\/2024\/07\/26\/voyage-veloccitanie\/#primaryimage"},"image":{"@id":"https:\/\/velocite-narbonne.fr\/index.php\/2024\/07\/26\/voyage-veloccitanie\/#primaryimage"},"thumbnailUrl":"https:\/\/velocite-narbonne.fr\/wp-content\/uploads\/2024\/07\/20240510_0951534016818370022963381.jpg","datePublished":"2024-07-26T15:41:32+00:00","dateModified":"2024-07-26T15:41:38+00:00","description":"Compte-rendu du voyage \u00e0 v\u00e9lo que nous avons organis\u00e9 durant le cong\u00e9 de l'ascension sur le canal du midi et la v\u00e9loccitanie.","breadcrumb":{"@id":"https:\/\/velocite-narbonne.fr\/index.php\/2024\/07\/26\/voyage-veloccitanie\/#breadcrumb"},"inLanguage":"fr-FR","potentialAction":[{"@type":"ReadAction","target":["https:\/\/velocite-narbonne.fr\/index.php\/2024\/07\/26\/voyage-veloccitanie\/"]}]},{"@type":"ImageObject","inLanguage":"fr-FR","@id":"https:\/\/velocite-narbonne.fr\/index.php\/2024\/07\/26\/voyage-veloccitanie\/#primaryimage","url":"https:\/\/velocite-narbonne.fr\/wp-content\/uploads\/2024\/07\/20240510_0951534016818370022963381.jpg","contentUrl":"https:\/\/velocite-narbonne.fr\/wp-content\/uploads\/2024\/07\/20240510_0951534016818370022963381.jpg","width":2000,"height":1500},{"@type":"BreadcrumbList","@id":"https:\/\/velocite-narbonne.fr\/index.php\/2024\/07\/26\/voyage-veloccitanie\/#breadcrumb","itemListElement":[{"@type":"ListItem","position":1,"name":"Accueil","item":"https:\/\/velocite-narbonne.fr\/"},{"@type":"ListItem","position":2,"name":"Voyage sur la V\u00e9loccitanie"}]},{"@type":"WebSite","@id":"https:\/\/velocite-narbonne.fr\/#website","url":"https:\/\/velocite-narbonne.fr\/","name":"V\u00e9locit\u00e9 Narbonne","description":"L&#039;association v\u00e9lo du Grand Narbonne","publisher":{"@id":"https:\/\/velocite-narbonne.fr\/#organization"},"potentialAction":[{"@type":"SearchAction","target":{"@type":"EntryPoint","urlTemplate":"https:\/\/velocite-narbonne.fr\/?s={search_term_string}"},"query-input":{"@type":"PropertyValueSpecification","valueRequired":true,"valueName":"search_term_string"}}],"inLanguage":"fr-FR"},{"@type":"Organization","@id":"https:\/\/velocite-narbonne.fr\/#organization","name":"V\u00e9locit\u00e9 Narbonne","url":"https:\/\/velocite-narbonne.fr\/","logo":{"@type":"ImageObject","inLanguage":"fr-FR","@id":"https:\/\/velocite-narbonne.fr\/#\/schema\/logo\/image\/","url":"https:\/\/velocite-narbonne.fr\/wp-content\/uploads\/2021\/10\/cropped-Logo-velocite.png","contentUrl":"https:\/\/velocite-narbonne.fr\/wp-content\/uploads\/2021\/10\/cropped-Logo-velocite.png","width":649,"height":216,"caption":"V\u00e9locit\u00e9 Narbonne"},"image":{"@id":"https:\/\/velocite-narbonne.fr\/#\/schema\/logo\/image\/"}},{"@type":"Person","@id":"https:\/\/velocite-narbonne.fr\/#\/schema\/person\/d17dc5dc9ddcefd5daade5c87e567f75","name":"Jo\u00ebl Brich","image":{"@type":"ImageObject","inLanguage":"fr-FR","@id":"https:\/\/secure.gravatar.com\/avatar\/23b9446b897a6bcf49cad3e59721923dfa689e30c7b2b15edeaf45eeb94f51ea?s=96&d=mm&r=g","url":"https:\/\/secure.gravatar.com\/avatar\/23b9446b897a6bcf49cad3e59721923dfa689e30c7b2b15edeaf45eeb94f51ea?s=96&d=mm&r=g","contentUrl":"https:\/\/secure.gravatar.com\/avatar\/23b9446b897a6bcf49cad3e59721923dfa689e30c7b2b15edeaf45eeb94f51ea?s=96&d=mm&r=g","caption":"Jo\u00ebl Brich"},"url":"https:\/\/velocite-narbonne.fr\/index.php\/author\/joel\/"}]}},"_links":{"self":[{"href":"https:\/\/velocite-narbonne.fr\/index.php\/wp-json\/wp\/v2\/posts\/3030","targetHints":{"allow":["GET"]}}],"collection":[{"href":"https:\/\/velocite-narbonne.fr\/index.php\/wp-json\/wp\/v2\/posts"}],"about":[{"href":"https:\/\/velocite-narbonne.fr\/index.php\/wp-json\/wp\/v2\/types\/post"}],"author":[{"embeddable":true,"href":"https:\/\/velocite-narbonne.fr\/index.php\/wp-json\/wp\/v2\/users\/18"}],"replies":[{"embeddable":true,"href":"https:\/\/velocite-narbonne.fr\/index.php\/wp-json\/wp\/v2\/comments?post=3030"}],"version-history":[{"count":5,"href":"https:\/\/velocite-narbonne.fr\/index.php\/wp-json\/wp\/v2\/posts\/3030\/revisions"}],"predecessor-version":[{"id":3053,"href":"https:\/\/velocite-narbonne.fr\/index.php\/wp-json\/wp\/v2\/posts\/3030\/revisions\/3053"}],"wp:featuredmedia":[{"embeddable":true,"href":"https:\/\/velocite-narbonne.fr\/index.php\/wp-json\/wp\/v2\/media\/3036"}],"wp:attachment":[{"href":"https:\/\/velocite-narbonne.fr\/index.php\/wp-json\/wp\/v2\/media?parent=3030"}],"wp:term":[{"taxonomy":"category","embeddable":true,"href":"https:\/\/velocite-narbonne.fr\/index.php\/wp-json\/wp\/v2\/categories?post=3030"},{"taxonomy":"post_tag","embeddable":true,"href":"https:\/\/velocite-narbonne.fr\/index.php\/wp-json\/wp\/v2\/tags?post=3030"}],"curies":[{"name":"wp","href":"https:\/\/api.w.org\/{rel}","templated":true}]}}