{"id":2725,"date":"2023-10-21T18:58:30","date_gmt":"2023-10-21T16:58:30","guid":{"rendered":"https:\/\/velocite-narbonne.fr\/?p=2725"},"modified":"2024-04-16T10:56:35","modified_gmt":"2024-04-16T08:56:35","slug":"la-fancy-women-bike-ride","status":"publish","type":"post","link":"https:\/\/velocite-narbonne.fr\/index.php\/2023\/10\/21\/la-fancy-women-bike-ride\/","title":{"rendered":"La Fancy women bike ride"},"content":{"rendered":"\n<p>Le dimanche 17 septembre avait lieu la deuxi\u00e8me \u00e9dition de la FWBR \u00e0 Narbonne&nbsp;!<\/p>\n\n\n\n<p>La premi\u00e8re \u00e9dition avait \u00e9t\u00e9 un succ\u00e8s&nbsp;!<\/p>\n\n\n\n<p>On a d\u00e9cid\u00e9 de retenter l&rsquo;aventure&nbsp;!<\/p>\n\n\n\n<p>La FWBR est un \u00e9v\u00e9nement mondial, ce jour-l\u00e0, de nombreuses villes comme Mexico, Munich, Londres, New-York&#8230; p\u00e9dalent, non pour un \u00e9v\u00e9nement sportif mais pour un \u00e9v\u00e9nement festif, fantaisiste et pour marquer les esprits sur la cause des femmes dans le monde, sur des v\u00e9los fleuris et d\u00e9cor\u00e9s pour l&rsquo;occasion, au son de la musique.<\/p>\n\n\n\n<p><strong>Les femmes y sont mises \u00e0 l&rsquo;honneur<\/strong> car elles m\u00e8nent le cort\u00e8ge.<\/p>\n\n\n\n<figure class=\"wp-block-gallery has-nested-images columns-default is-cropped wp-block-gallery-1 is-layout-flex wp-block-gallery-is-layout-flex\">\n<figure class=\"wp-block-image size-large\"><img decoding=\"async\" width=\"768\" height=\"1024\" data-id=\"2727\" data-src=\"https:\/\/velocite-narbonne.fr\/wp-content\/uploads\/2023\/10\/photo-fancy-Narbonne-1-768x1024.jpg\" alt=\"\" class=\"wp-image-2727 lazyload\" data-srcset=\"https:\/\/velocite-narbonne.fr\/wp-content\/uploads\/2023\/10\/photo-fancy-Narbonne-1-768x1024.jpg 768w, https:\/\/velocite-narbonne.fr\/wp-content\/uploads\/2023\/10\/photo-fancy-Narbonne-1-225x300.jpg 225w, https:\/\/velocite-narbonne.fr\/wp-content\/uploads\/2023\/10\/photo-fancy-Narbonne-1-1152x1536.jpg 1152w, https:\/\/velocite-narbonne.fr\/wp-content\/uploads\/2023\/10\/photo-fancy-Narbonne-1-1536x2048.jpg 1536w, https:\/\/velocite-narbonne.fr\/wp-content\/uploads\/2023\/10\/photo-fancy-Narbonne-1-800x1067.jpg 800w, https:\/\/velocite-narbonne.fr\/wp-content\/uploads\/2023\/10\/photo-fancy-Narbonne-1-scaled.jpg 1920w\" data-sizes=\"(max-width: 768px) 100vw, 768px\" src=\"data:image\/svg+xml;base64,PHN2ZyB3aWR0aD0iMSIgaGVpZ2h0PSIxIiB4bWxucz0iaHR0cDovL3d3dy53My5vcmcvMjAwMC9zdmciPjwvc3ZnPg==\" style=\"--smush-placeholder-width: 768px; --smush-placeholder-aspect-ratio: 768\/1024;\" \/><\/figure>\n<\/figure>\n\n\n\n<p>La date de la Fancy est toujours le jour de la journ\u00e9e sans voiture.<\/p>\n\n\n\n<p>La balade s&rsquo;est achev\u00e9e au local pour le visionnage du documentaire\u00a0: Les \u00e9chapp\u00e9es\u00a0de Louise Roussel et d&rsquo;Oc\u00e9ane Le Pape, dans la bonne humeur\u00a0!<\/p>\n\n\n\n<p>Un peu d&rsquo;histoire\u00a0: Au d\u00e9part, la premi\u00e8re FWBR a \u00e9t\u00e9 invent\u00e9e en Turquie sous l&rsquo;impulsion de Sema G\u00fcr.<\/p>\n\n\n\n<p>Partant du constat que les femmes sont minoritaires \u00e0 v\u00e9lo, qu&rsquo;elle avait re\u00e7u une s\u00e9rie de remarques sexistes \u00e0 v\u00e9lo sur sa fa\u00e7on de p\u00e9daler ou de se v\u00eatir, elle d\u00e9cide de cr\u00e9er une manifestation f\u00e9minine \u00e0 v\u00e9lo.<\/p>\n\n\n\n<p>D&rsquo;une manifestation en 2013, elle passera \u00e0 deux en 2014 puis aid\u00e9e par Pinar Pinzutti, elles vont impulser d&rsquo;autres villes.<\/p>\n\n\n\n<p>Ce mouvement prend de plus en plus d&rsquo;ampleur, cette ann\u00e9e, 200 villes du monde participaient \u00e0 la Fancy\u00a0!\u00a0<\/p>\n\n\n\n<figure class=\"wp-block-image size-large\"><img decoding=\"async\" width=\"1024\" height=\"768\" data-src=\"https:\/\/velocite-narbonne.fr\/wp-content\/uploads\/2023\/10\/photo-fancy-Narbonne-2-1024x768.jpg\" alt=\"\" class=\"wp-image-2728 lazyload\" data-srcset=\"https:\/\/velocite-narbonne.fr\/wp-content\/uploads\/2023\/10\/photo-fancy-Narbonne-2-1024x768.jpg 1024w, https:\/\/velocite-narbonne.fr\/wp-content\/uploads\/2023\/10\/photo-fancy-Narbonne-2-300x225.jpg 300w, https:\/\/velocite-narbonne.fr\/wp-content\/uploads\/2023\/10\/photo-fancy-Narbonne-2-768x576.jpg 768w, https:\/\/velocite-narbonne.fr\/wp-content\/uploads\/2023\/10\/photo-fancy-Narbonne-2-1536x1152.jpg 1536w, https:\/\/velocite-narbonne.fr\/wp-content\/uploads\/2023\/10\/photo-fancy-Narbonne-2-2048x1536.jpg 2048w, https:\/\/velocite-narbonne.fr\/wp-content\/uploads\/2023\/10\/photo-fancy-Narbonne-2-800x600.jpg 800w, https:\/\/velocite-narbonne.fr\/wp-content\/uploads\/2023\/10\/photo-fancy-Narbonne-2-400x300.jpg 400w\" data-sizes=\"(max-width: 1024px) 100vw, 1024px\" src=\"data:image\/svg+xml;base64,PHN2ZyB3aWR0aD0iMSIgaGVpZ2h0PSIxIiB4bWxucz0iaHR0cDovL3d3dy53My5vcmcvMjAwMC9zdmciPjwvc3ZnPg==\" style=\"--smush-placeholder-width: 1024px; --smush-placeholder-aspect-ratio: 1024\/768;\" \/><\/figure>\n\n\n\n<p><strong>La Fancy est une manifestation pour inspirer et donner envie aux femmes de faire du v\u00e9lo et d&rsquo;occuper l&rsquo;espace public.<\/strong><\/p>\n\n\n\n<p><strong>Le v\u00e9lo, c&rsquo;est le mouvement, l&rsquo;autonomie, la libert\u00e9 et il permet de s&rsquo;affirmer et de se rendre visible.<\/strong><\/p>\n\n\n\n<p>Aujourd&rsquo;hui, les femmes sont malheureusement encore ultra minoritaires dans toutes les sph\u00e8res du v\u00e9lo\u00a0!<\/p>\n\n\n\n<p>\/<\/p>\n","protected":false},"excerpt":{"rendered":"<p>Le dimanche 17 septembre avait lieu la deuxi\u00e8me \u00e9dition de la FWBR \u00e0 Narbonne&nbsp;! La premi\u00e8re \u00e9dition avait \u00e9t\u00e9 un succ\u00e8s&nbsp;! On a d\u00e9cid\u00e9 de [&#8230;]<\/p>\n","protected":false},"author":17,"featured_media":0,"comment_status":"open","ping_status":"closed","sticky":false,"template":"","format":"standard","meta":{"footnotes":""},"categories":[41],"tags":[],"class_list":["post-2725","post","type-post","status-publish","format-standard","hentry","category-velorutions"],"yoast_head":"<!-- This site is optimized with the Yoast SEO plugin v27.5 - https:\/\/yoast.com\/product\/yoast-seo-wordpress\/ -->\n<title>La Fancy women bike ride - V\u00e9locit\u00e9 Narbonne<\/title>\n<meta name=\"robots\" content=\"index, follow, max-snippet:-1, max-image-preview:large, max-video-preview:-1\" \/>\n<link rel=\"canonical\" href=\"https:\/\/velocite-narbonne.fr\/index.php\/2023\/10\/21\/la-fancy-women-bike-ride\/\" \/>\n<meta property=\"og:locale\" content=\"fr_FR\" \/>\n<meta property=\"og:type\" content=\"article\" \/>\n<meta property=\"og:title\" content=\"La Fancy women bike ride - V\u00e9locit\u00e9 Narbonne\" \/>\n<meta property=\"og:description\" content=\"Le dimanche 17 septembre avait lieu la deuxi\u00e8me \u00e9dition de la FWBR \u00e0 Narbonne&nbsp;! La premi\u00e8re \u00e9dition avait \u00e9t\u00e9 un succ\u00e8s&nbsp;! On a d\u00e9cid\u00e9 de [...]\" \/>\n<meta property=\"og:url\" content=\"https:\/\/velocite-narbonne.fr\/index.php\/2023\/10\/21\/la-fancy-women-bike-ride\/\" \/>\n<meta property=\"og:site_name\" content=\"V\u00e9locit\u00e9 Narbonne\" \/>\n<meta property=\"article:published_time\" content=\"2023-10-21T16:58:30+00:00\" \/>\n<meta property=\"article:modified_time\" content=\"2024-04-16T08:56:35+00:00\" \/>\n<meta property=\"og:image\" content=\"https:\/\/velocite-narbonne.fr\/wp-content\/uploads\/2023\/10\/photo-fancy-Narbonne-1-768x1024.jpg\" \/>\n<meta name=\"author\" content=\"Aude Garrigue\" \/>\n<meta name=\"twitter:card\" content=\"summary_large_image\" \/>\n<meta name=\"twitter:label1\" content=\"\u00c9crit par\" \/>\n\t<meta name=\"twitter:data1\" content=\"Aude Garrigue\" \/>\n\t<meta name=\"twitter:label2\" content=\"Dur\u00e9e de lecture estim\u00e9e\" \/>\n\t<meta name=\"twitter:data2\" content=\"2 minutes\" \/>\n<script type=\"application\/ld+json\" class=\"yoast-schema-graph\">{\"@context\":\"https:\\\/\\\/schema.org\",\"@graph\":[{\"@type\":\"Article\",\"@id\":\"https:\\\/\\\/velocite-narbonne.fr\\\/index.php\\\/2023\\\/10\\\/21\\\/la-fancy-women-bike-ride\\\/#article\",\"isPartOf\":{\"@id\":\"https:\\\/\\\/velocite-narbonne.fr\\\/index.php\\\/2023\\\/10\\\/21\\\/la-fancy-women-bike-ride\\\/\"},\"author\":{\"name\":\"Aude Garrigue\",\"@id\":\"https:\\\/\\\/velocite-narbonne.fr\\\/#\\\/schema\\\/person\\\/a1ffe92a962770bd6208550a265e09c7\"},\"headline\":\"La Fancy women bike ride\",\"datePublished\":\"2023-10-21T16:58:30+00:00\",\"dateModified\":\"2024-04-16T08:56:35+00:00\",\"mainEntityOfPage\":{\"@id\":\"https:\\\/\\\/velocite-narbonne.fr\\\/index.php\\\/2023\\\/10\\\/21\\\/la-fancy-women-bike-ride\\\/\"},\"wordCount\":329,\"commentCount\":0,\"publisher\":{\"@id\":\"https:\\\/\\\/velocite-narbonne.fr\\\/#organization\"},\"image\":{\"@id\":\"https:\\\/\\\/velocite-narbonne.fr\\\/index.php\\\/2023\\\/10\\\/21\\\/la-fancy-women-bike-ride\\\/#primaryimage\"},\"thumbnailUrl\":\"https:\\\/\\\/velocite-narbonne.fr\\\/wp-content\\\/uploads\\\/2023\\\/10\\\/photo-fancy-Narbonne-1-768x1024.jpg\",\"articleSection\":[\"V\u00e9lorutions\"],\"inLanguage\":\"fr-FR\",\"potentialAction\":[{\"@type\":\"CommentAction\",\"name\":\"Comment\",\"target\":[\"https:\\\/\\\/velocite-narbonne.fr\\\/index.php\\\/2023\\\/10\\\/21\\\/la-fancy-women-bike-ride\\\/#respond\"]}]},{\"@type\":\"WebPage\",\"@id\":\"https:\\\/\\\/velocite-narbonne.fr\\\/index.php\\\/2023\\\/10\\\/21\\\/la-fancy-women-bike-ride\\\/\",\"url\":\"https:\\\/\\\/velocite-narbonne.fr\\\/index.php\\\/2023\\\/10\\\/21\\\/la-fancy-women-bike-ride\\\/\",\"name\":\"La Fancy women bike ride - V\u00e9locit\u00e9 Narbonne\",\"isPartOf\":{\"@id\":\"https:\\\/\\\/velocite-narbonne.fr\\\/#website\"},\"primaryImageOfPage\":{\"@id\":\"https:\\\/\\\/velocite-narbonne.fr\\\/index.php\\\/2023\\\/10\\\/21\\\/la-fancy-women-bike-ride\\\/#primaryimage\"},\"image\":{\"@id\":\"https:\\\/\\\/velocite-narbonne.fr\\\/index.php\\\/2023\\\/10\\\/21\\\/la-fancy-women-bike-ride\\\/#primaryimage\"},\"thumbnailUrl\":\"https:\\\/\\\/velocite-narbonne.fr\\\/wp-content\\\/uploads\\\/2023\\\/10\\\/photo-fancy-Narbonne-1-768x1024.jpg\",\"datePublished\":\"2023-10-21T16:58:30+00:00\",\"dateModified\":\"2024-04-16T08:56:35+00:00\",\"breadcrumb\":{\"@id\":\"https:\\\/\\\/velocite-narbonne.fr\\\/index.php\\\/2023\\\/10\\\/21\\\/la-fancy-women-bike-ride\\\/#breadcrumb\"},\"inLanguage\":\"fr-FR\",\"potentialAction\":[{\"@type\":\"ReadAction\",\"target\":[\"https:\\\/\\\/velocite-narbonne.fr\\\/index.php\\\/2023\\\/10\\\/21\\\/la-fancy-women-bike-ride\\\/\"]}]},{\"@type\":\"ImageObject\",\"inLanguage\":\"fr-FR\",\"@id\":\"https:\\\/\\\/velocite-narbonne.fr\\\/index.php\\\/2023\\\/10\\\/21\\\/la-fancy-women-bike-ride\\\/#primaryimage\",\"url\":\"https:\\\/\\\/velocite-narbonne.fr\\\/wp-content\\\/uploads\\\/2023\\\/10\\\/photo-fancy-Narbonne-1-scaled.jpg\",\"contentUrl\":\"https:\\\/\\\/velocite-narbonne.fr\\\/wp-content\\\/uploads\\\/2023\\\/10\\\/photo-fancy-Narbonne-1-scaled.jpg\",\"width\":1920,\"height\":2560},{\"@type\":\"BreadcrumbList\",\"@id\":\"https:\\\/\\\/velocite-narbonne.fr\\\/index.php\\\/2023\\\/10\\\/21\\\/la-fancy-women-bike-ride\\\/#breadcrumb\",\"itemListElement\":[{\"@type\":\"ListItem\",\"position\":1,\"name\":\"Accueil\",\"item\":\"https:\\\/\\\/velocite-narbonne.fr\\\/\"},{\"@type\":\"ListItem\",\"position\":2,\"name\":\"La Fancy women bike ride\"}]},{\"@type\":\"WebSite\",\"@id\":\"https:\\\/\\\/velocite-narbonne.fr\\\/#website\",\"url\":\"https:\\\/\\\/velocite-narbonne.fr\\\/\",\"name\":\"V\u00e9locit\u00e9 Narbonne\",\"description\":\"L&#039;association v\u00e9lo du Grand Narbonne\",\"publisher\":{\"@id\":\"https:\\\/\\\/velocite-narbonne.fr\\\/#organization\"},\"potentialAction\":[{\"@type\":\"SearchAction\",\"target\":{\"@type\":\"EntryPoint\",\"urlTemplate\":\"https:\\\/\\\/velocite-narbonne.fr\\\/?s={search_term_string}\"},\"query-input\":{\"@type\":\"PropertyValueSpecification\",\"valueRequired\":true,\"valueName\":\"search_term_string\"}}],\"inLanguage\":\"fr-FR\"},{\"@type\":\"Organization\",\"@id\":\"https:\\\/\\\/velocite-narbonne.fr\\\/#organization\",\"name\":\"V\u00e9locit\u00e9 Narbonne\",\"url\":\"https:\\\/\\\/velocite-narbonne.fr\\\/\",\"logo\":{\"@type\":\"ImageObject\",\"inLanguage\":\"fr-FR\",\"@id\":\"https:\\\/\\\/velocite-narbonne.fr\\\/#\\\/schema\\\/logo\\\/image\\\/\",\"url\":\"https:\\\/\\\/velocite-narbonne.fr\\\/wp-content\\\/uploads\\\/2021\\\/10\\\/cropped-Logo-velocite.png\",\"contentUrl\":\"https:\\\/\\\/velocite-narbonne.fr\\\/wp-content\\\/uploads\\\/2021\\\/10\\\/cropped-Logo-velocite.png\",\"width\":649,\"height\":216,\"caption\":\"V\u00e9locit\u00e9 Narbonne\"},\"image\":{\"@id\":\"https:\\\/\\\/velocite-narbonne.fr\\\/#\\\/schema\\\/logo\\\/image\\\/\"}},{\"@type\":\"Person\",\"@id\":\"https:\\\/\\\/velocite-narbonne.fr\\\/#\\\/schema\\\/person\\\/a1ffe92a962770bd6208550a265e09c7\",\"name\":\"Aude Garrigue\",\"image\":{\"@type\":\"ImageObject\",\"inLanguage\":\"fr-FR\",\"@id\":\"https:\\\/\\\/secure.gravatar.com\\\/avatar\\\/f70bd9900e9eb9509155724b2d62bd0b9c03b85a1d4ad94c2df4792da8848357?s=96&d=mm&r=g\",\"url\":\"https:\\\/\\\/secure.gravatar.com\\\/avatar\\\/f70bd9900e9eb9509155724b2d62bd0b9c03b85a1d4ad94c2df4792da8848357?s=96&d=mm&r=g\",\"contentUrl\":\"https:\\\/\\\/secure.gravatar.com\\\/avatar\\\/f70bd9900e9eb9509155724b2d62bd0b9c03b85a1d4ad94c2df4792da8848357?s=96&d=mm&r=g\",\"caption\":\"Aude Garrigue\"},\"url\":\"https:\\\/\\\/velocite-narbonne.fr\\\/index.php\\\/author\\\/aude\\\/\"}]}<\/script>\n<!-- \/ Yoast SEO plugin. -->","yoast_head_json":{"title":"La Fancy women bike ride - V\u00e9locit\u00e9 Narbonne","robots":{"index":"index","follow":"follow","max-snippet":"max-snippet:-1","max-image-preview":"max-image-preview:large","max-video-preview":"max-video-preview:-1"},"canonical":"https:\/\/velocite-narbonne.fr\/index.php\/2023\/10\/21\/la-fancy-women-bike-ride\/","og_locale":"fr_FR","og_type":"article","og_title":"La Fancy women bike ride - V\u00e9locit\u00e9 Narbonne","og_description":"Le dimanche 17 septembre avait lieu la deuxi\u00e8me \u00e9dition de la FWBR \u00e0 Narbonne&nbsp;! La premi\u00e8re \u00e9dition avait \u00e9t\u00e9 un succ\u00e8s&nbsp;! On a d\u00e9cid\u00e9 de [...]","og_url":"https:\/\/velocite-narbonne.fr\/index.php\/2023\/10\/21\/la-fancy-women-bike-ride\/","og_site_name":"V\u00e9locit\u00e9 Narbonne","article_published_time":"2023-10-21T16:58:30+00:00","article_modified_time":"2024-04-16T08:56:35+00:00","og_image":[{"url":"https:\/\/velocite-narbonne.fr\/wp-content\/uploads\/2023\/10\/photo-fancy-Narbonne-1-768x1024.jpg","type":"","width":"","height":""}],"author":"Aude Garrigue","twitter_card":"summary_large_image","twitter_misc":{"\u00c9crit par":"Aude Garrigue","Dur\u00e9e de lecture estim\u00e9e":"2 minutes"},"schema":{"@context":"https:\/\/schema.org","@graph":[{"@type":"Article","@id":"https:\/\/velocite-narbonne.fr\/index.php\/2023\/10\/21\/la-fancy-women-bike-ride\/#article","isPartOf":{"@id":"https:\/\/velocite-narbonne.fr\/index.php\/2023\/10\/21\/la-fancy-women-bike-ride\/"},"author":{"name":"Aude Garrigue","@id":"https:\/\/velocite-narbonne.fr\/#\/schema\/person\/a1ffe92a962770bd6208550a265e09c7"},"headline":"La Fancy women bike ride","datePublished":"2023-10-21T16:58:30+00:00","dateModified":"2024-04-16T08:56:35+00:00","mainEntityOfPage":{"@id":"https:\/\/velocite-narbonne.fr\/index.php\/2023\/10\/21\/la-fancy-women-bike-ride\/"},"wordCount":329,"commentCount":0,"publisher":{"@id":"https:\/\/velocite-narbonne.fr\/#organization"},"image":{"@id":"https:\/\/velocite-narbonne.fr\/index.php\/2023\/10\/21\/la-fancy-women-bike-ride\/#primaryimage"},"thumbnailUrl":"https:\/\/velocite-narbonne.fr\/wp-content\/uploads\/2023\/10\/photo-fancy-Narbonne-1-768x1024.jpg","articleSection":["V\u00e9lorutions"],"inLanguage":"fr-FR","potentialAction":[{"@type":"CommentAction","name":"Comment","target":["https:\/\/velocite-narbonne.fr\/index.php\/2023\/10\/21\/la-fancy-women-bike-ride\/#respond"]}]},{"@type":"WebPage","@id":"https:\/\/velocite-narbonne.fr\/index.php\/2023\/10\/21\/la-fancy-women-bike-ride\/","url":"https:\/\/velocite-narbonne.fr\/index.php\/2023\/10\/21\/la-fancy-women-bike-ride\/","name":"La Fancy women bike ride - V\u00e9locit\u00e9 Narbonne","isPartOf":{"@id":"https:\/\/velocite-narbonne.fr\/#website"},"primaryImageOfPage":{"@id":"https:\/\/velocite-narbonne.fr\/index.php\/2023\/10\/21\/la-fancy-women-bike-ride\/#primaryimage"},"image":{"@id":"https:\/\/velocite-narbonne.fr\/index.php\/2023\/10\/21\/la-fancy-women-bike-ride\/#primaryimage"},"thumbnailUrl":"https:\/\/velocite-narbonne.fr\/wp-content\/uploads\/2023\/10\/photo-fancy-Narbonne-1-768x1024.jpg","datePublished":"2023-10-21T16:58:30+00:00","dateModified":"2024-04-16T08:56:35+00:00","breadcrumb":{"@id":"https:\/\/velocite-narbonne.fr\/index.php\/2023\/10\/21\/la-fancy-women-bike-ride\/#breadcrumb"},"inLanguage":"fr-FR","potentialAction":[{"@type":"ReadAction","target":["https:\/\/velocite-narbonne.fr\/index.php\/2023\/10\/21\/la-fancy-women-bike-ride\/"]}]},{"@type":"ImageObject","inLanguage":"fr-FR","@id":"https:\/\/velocite-narbonne.fr\/index.php\/2023\/10\/21\/la-fancy-women-bike-ride\/#primaryimage","url":"https:\/\/velocite-narbonne.fr\/wp-content\/uploads\/2023\/10\/photo-fancy-Narbonne-1-scaled.jpg","contentUrl":"https:\/\/velocite-narbonne.fr\/wp-content\/uploads\/2023\/10\/photo-fancy-Narbonne-1-scaled.jpg","width":1920,"height":2560},{"@type":"BreadcrumbList","@id":"https:\/\/velocite-narbonne.fr\/index.php\/2023\/10\/21\/la-fancy-women-bike-ride\/#breadcrumb","itemListElement":[{"@type":"ListItem","position":1,"name":"Accueil","item":"https:\/\/velocite-narbonne.fr\/"},{"@type":"ListItem","position":2,"name":"La Fancy women bike ride"}]},{"@type":"WebSite","@id":"https:\/\/velocite-narbonne.fr\/#website","url":"https:\/\/velocite-narbonne.fr\/","name":"V\u00e9locit\u00e9 Narbonne","description":"L&#039;association v\u00e9lo du Grand Narbonne","publisher":{"@id":"https:\/\/velocite-narbonne.fr\/#organization"},"potentialAction":[{"@type":"SearchAction","target":{"@type":"EntryPoint","urlTemplate":"https:\/\/velocite-narbonne.fr\/?s={search_term_string}"},"query-input":{"@type":"PropertyValueSpecification","valueRequired":true,"valueName":"search_term_string"}}],"inLanguage":"fr-FR"},{"@type":"Organization","@id":"https:\/\/velocite-narbonne.fr\/#organization","name":"V\u00e9locit\u00e9 Narbonne","url":"https:\/\/velocite-narbonne.fr\/","logo":{"@type":"ImageObject","inLanguage":"fr-FR","@id":"https:\/\/velocite-narbonne.fr\/#\/schema\/logo\/image\/","url":"https:\/\/velocite-narbonne.fr\/wp-content\/uploads\/2021\/10\/cropped-Logo-velocite.png","contentUrl":"https:\/\/velocite-narbonne.fr\/wp-content\/uploads\/2021\/10\/cropped-Logo-velocite.png","width":649,"height":216,"caption":"V\u00e9locit\u00e9 Narbonne"},"image":{"@id":"https:\/\/velocite-narbonne.fr\/#\/schema\/logo\/image\/"}},{"@type":"Person","@id":"https:\/\/velocite-narbonne.fr\/#\/schema\/person\/a1ffe92a962770bd6208550a265e09c7","name":"Aude Garrigue","image":{"@type":"ImageObject","inLanguage":"fr-FR","@id":"https:\/\/secure.gravatar.com\/avatar\/f70bd9900e9eb9509155724b2d62bd0b9c03b85a1d4ad94c2df4792da8848357?s=96&d=mm&r=g","url":"https:\/\/secure.gravatar.com\/avatar\/f70bd9900e9eb9509155724b2d62bd0b9c03b85a1d4ad94c2df4792da8848357?s=96&d=mm&r=g","contentUrl":"https:\/\/secure.gravatar.com\/avatar\/f70bd9900e9eb9509155724b2d62bd0b9c03b85a1d4ad94c2df4792da8848357?s=96&d=mm&r=g","caption":"Aude Garrigue"},"url":"https:\/\/velocite-narbonne.fr\/index.php\/author\/aude\/"}]}},"_links":{"self":[{"href":"https:\/\/velocite-narbonne.fr\/index.php\/wp-json\/wp\/v2\/posts\/2725","targetHints":{"allow":["GET"]}}],"collection":[{"href":"https:\/\/velocite-narbonne.fr\/index.php\/wp-json\/wp\/v2\/posts"}],"about":[{"href":"https:\/\/velocite-narbonne.fr\/index.php\/wp-json\/wp\/v2\/types\/post"}],"author":[{"embeddable":true,"href":"https:\/\/velocite-narbonne.fr\/index.php\/wp-json\/wp\/v2\/users\/17"}],"replies":[{"embeddable":true,"href":"https:\/\/velocite-narbonne.fr\/index.php\/wp-json\/wp\/v2\/comments?post=2725"}],"version-history":[{"count":1,"href":"https:\/\/velocite-narbonne.fr\/index.php\/wp-json\/wp\/v2\/posts\/2725\/revisions"}],"predecessor-version":[{"id":2729,"href":"https:\/\/velocite-narbonne.fr\/index.php\/wp-json\/wp\/v2\/posts\/2725\/revisions\/2729"}],"wp:attachment":[{"href":"https:\/\/velocite-narbonne.fr\/index.php\/wp-json\/wp\/v2\/media?parent=2725"}],"wp:term":[{"taxonomy":"category","embeddable":true,"href":"https:\/\/velocite-narbonne.fr\/index.php\/wp-json\/wp\/v2\/categories?post=2725"},{"taxonomy":"post_tag","embeddable":true,"href":"https:\/\/velocite-narbonne.fr\/index.php\/wp-json\/wp\/v2\/tags?post=2725"}],"curies":[{"name":"wp","href":"https:\/\/api.w.org\/{rel}","templated":true}]}}