{"id":219,"date":"2015-04-28T13:22:42","date_gmt":"2015-04-28T11:22:42","guid":{"rendered":"https:\/\/velocitenarbonne.wordpress.com\/?p=219"},"modified":"2022-12-23T20:10:22","modified_gmt":"2022-12-23T19:10:22","slug":"communique-de-lassociation-velocite-narbonne-suite-a-la-reouverture-du-pont-de-carcassonne","status":"publish","type":"post","link":"https:\/\/velocite-narbonne.fr\/index.php\/2015\/04\/28\/communique-de-lassociation-velocite-narbonne-suite-a-la-reouverture-du-pont-de-carcassonne\/","title":{"rendered":"Communiqu\u00e9 de l&rsquo;association V\u00e9locit\u00e9 Narbonne suite \u00e0 la r\u00e9ouverture du pont de Carcassonne"},"content":{"rendered":"\n<figure class=\"wp-block-image size-large\"><img decoding=\"async\" data-src=\"https:\/\/velocite-narbonne.fr\/wp-content\/uploads\/2015\/04\/cropped-cropped-bandeau011.jpg\" alt=\"\" src=\"data:image\/svg+xml;base64,PHN2ZyB3aWR0aD0iMSIgaGVpZ2h0PSIxIiB4bWxucz0iaHR0cDovL3d3dy53My5vcmcvMjAwMC9zdmciPjwvc3ZnPg==\" class=\"lazyload\" style=\"--smush-placeholder-width: 1000px; --smush-placeholder-aspect-ratio: 1000\/288;\" \/><\/figure>\n\n\n\n<p><span style=\"font-size: medium;\"><b>Communiqu\u00e9 de presse &nbsp; &nbsp;&nbsp;<\/b><\/span><b>Le 28 avril 2015<\/b><\/p>\n\n\n\n<p><span style=\"font-size: medium;\">L&rsquo;association V\u00e9locit\u00e9 Narbonne se f\u00e9licite de la r\u00e9-ouverture du pont de Carcassonne aux v\u00e9los et pi\u00e9tons et invite tous les Narbonnais \u00e0 utiliser cette opportunit\u00e9.<br><\/span>Nous savons que cette ouverture aux modes de d\u00e9placements doux ne r\u00e9soudra pas miraculeusement les difficult\u00e9s de circulation dans notre ville.<\/p>\n\n\n\n<p><span style=\"font-size: medium;\">Nous souhaitons cependant \u00e0 cette occasion rappeler que \u00e0 Narbonne, comme dans toutes les villes europ\u00e9ennes, le d\u00e9veloppement du v\u00e9lo est une solution \u00e0 la congestion urbaine et que pour aller dans le sens de l&rsquo;histoire, il faut transformer notre ville pour permettre la partage de l&rsquo;espace entre tous (pi\u00e9tons cyclistes, transports publics, automobiles) et sortir d\u00e9finitivement d&rsquo;une \u00e9poque o\u00f9 l&rsquo;automobile fut privil\u00e9gi\u00e9e.<\/span><\/p>\n\n\n\n<p><span style=\"font-size: medium;\">De tr\u00e8s nombreux Narbonnais souhaiteraient utiliser plus largement le v\u00e9lo et sont dissuad\u00e9s par le manque d&rsquo;am\u00e9nagements cyclables, de moyens de garage ou \u00e0 cause du danger qu&rsquo;ils ressentent dans un flux de circulation peu adapt\u00e9s aux transports doux.<\/span><\/p>\n\n\n\n<p><span style=\"font-size: medium;\">V\u00e9locit\u00e9 Narbonne apportera sa pierre \u00e0 cette r\u00e9flexion en organisant le samedi 23 mai \u00e0 18h30 une conf\u00e9rence au Palais du travail pr\u00e9sent\u00e9e par Fr\u00e9d\u00e9ric H\u00e9ran, chercheur universitaire, intitul\u00e9e \u00ab&nbsp;le retour de la bicyclette en milieu urbain en France et en Europe&nbsp;\u00bb.<\/span><\/p>\n\n\n\n<p><span style=\"font-size: medium;\">Et \u00e0 l\u2019occasion de la f\u00eate du v\u00e9lo, le samedi 6 juin, l&rsquo;association V\u00e9locit\u00e9 Narbonne lors de sa balade en soir\u00e9e illuminera le pont de Carcassonne pour montrer la voie d&rsquo;une ville plus humaine et mieux partag\u00e9e.<\/span><\/p>\n\n\n\n<p><span style=\"font-size: medium;\"> Le bureau de l&rsquo;association V\u00e9locit\u00e9 Narbonne<\/span><\/p>\n\n\n\n<p><span style=\"font-size: large;\"><span style=\"color: #1155cc;\"><span style=\"font-family: arial, sans-serif;\"><span style=\"font-size: medium;\"><a href=\"mailto:velocitenarbonne@gmail.com\" target=\"_blank\" rel=\"noopener\">velocitenarbonne@gmail.com<br><\/a><\/span><\/span><\/span><\/span><span style=\"color: #1155cc;\"><span style=\"font-family: arial, sans-serif;\"><span style=\"font-size: medium;\"><a href=\"http:\/\/www.velocitenarbonne.wordpress.com\/\" target=\"_blank\" rel=\"noopener\">velocitenarbonne.wordpress.co<br><\/a><\/span><\/span><\/span><a href=\"http:\/\/www.facebook.com\/velocitenarbonne\" target=\"_blank\" rel=\"noopener\"><span style=\"color: #1155cc;\"><span style=\"font-family: arial, sans-serif;\"><span style=\"font-size: medium;\">www.facebook.com\/velocitenarbonne<\/span><\/span><\/span><\/a><\/p>\n","protected":false},"excerpt":{"rendered":"<p>Communiqu\u00e9 de presse &nbsp; &nbsp;&nbsp;Le 28 avril 2015 L&rsquo;association V\u00e9locit\u00e9 Narbonne se f\u00e9licite de la r\u00e9-ouverture du pont de Carcassonne aux v\u00e9los et pi\u00e9tons et [&#8230;]<\/p>\n","protected":false},"author":20,"featured_media":0,"comment_status":"open","ping_status":"open","sticky":false,"template":"","format":"standard","meta":{"footnotes":""},"categories":[54],"tags":[],"class_list":["post-219","post","type-post","status-publish","format-standard","hentry","category-amenagements-cyclables"],"yoast_head":"<!-- This site is optimized with the Yoast SEO plugin v27.5 - https:\/\/yoast.com\/product\/yoast-seo-wordpress\/ -->\n<title>Communiqu\u00e9 de l&#039;association V\u00e9locit\u00e9 Narbonne suite \u00e0 la r\u00e9ouverture du pont de Carcassonne - V\u00e9locit\u00e9 Narbonne<\/title>\n<meta name=\"robots\" content=\"index, follow, max-snippet:-1, max-image-preview:large, max-video-preview:-1\" \/>\n<link rel=\"canonical\" href=\"https:\/\/velocite-narbonne.fr\/index.php\/2015\/04\/28\/communique-de-lassociation-velocite-narbonne-suite-a-la-reouverture-du-pont-de-carcassonne\/\" \/>\n<meta property=\"og:locale\" content=\"fr_FR\" \/>\n<meta property=\"og:type\" content=\"article\" \/>\n<meta property=\"og:title\" content=\"Communiqu\u00e9 de l&#039;association V\u00e9locit\u00e9 Narbonne suite \u00e0 la r\u00e9ouverture du pont de Carcassonne - V\u00e9locit\u00e9 Narbonne\" \/>\n<meta property=\"og:description\" content=\"Communiqu\u00e9 de presse &nbsp; &nbsp;&nbsp;Le 28 avril 2015 L&rsquo;association V\u00e9locit\u00e9 Narbonne se f\u00e9licite de la r\u00e9-ouverture du pont de Carcassonne aux v\u00e9los et pi\u00e9tons et [...]\" \/>\n<meta property=\"og:url\" content=\"https:\/\/velocite-narbonne.fr\/index.php\/2015\/04\/28\/communique-de-lassociation-velocite-narbonne-suite-a-la-reouverture-du-pont-de-carcassonne\/\" \/>\n<meta property=\"og:site_name\" content=\"V\u00e9locit\u00e9 Narbonne\" \/>\n<meta property=\"article:published_time\" content=\"2015-04-28T11:22:42+00:00\" \/>\n<meta property=\"article:modified_time\" content=\"2022-12-23T19:10:22+00:00\" \/>\n<meta property=\"og:image\" content=\"https:\/\/velocite-narbonne.fr\/wp-content\/uploads\/2015\/04\/cropped-cropped-bandeau011.jpg\" \/>\n<meta name=\"author\" content=\"V\u00e9locit\u00e9 Narbonne\" \/>\n<meta name=\"twitter:card\" content=\"summary_large_image\" \/>\n<meta name=\"twitter:label1\" content=\"\u00c9crit par\" \/>\n\t<meta name=\"twitter:data1\" content=\"V\u00e9locit\u00e9 Narbonne\" \/>\n\t<meta name=\"twitter:label2\" content=\"Dur\u00e9e de lecture estim\u00e9e\" \/>\n\t<meta name=\"twitter:data2\" content=\"2 minutes\" \/>\n<script type=\"application\/ld+json\" class=\"yoast-schema-graph\">{\"@context\":\"https:\\\/\\\/schema.org\",\"@graph\":[{\"@type\":\"Article\",\"@id\":\"https:\\\/\\\/velocite-narbonne.fr\\\/index.php\\\/2015\\\/04\\\/28\\\/communique-de-lassociation-velocite-narbonne-suite-a-la-reouverture-du-pont-de-carcassonne\\\/#article\",\"isPartOf\":{\"@id\":\"https:\\\/\\\/velocite-narbonne.fr\\\/index.php\\\/2015\\\/04\\\/28\\\/communique-de-lassociation-velocite-narbonne-suite-a-la-reouverture-du-pont-de-carcassonne\\\/\"},\"author\":{\"name\":\"V\u00e9locit\u00e9 Narbonne\",\"@id\":\"https:\\\/\\\/velocite-narbonne.fr\\\/#\\\/schema\\\/person\\\/fe4f4b7c18b1a260278b766fd6d85f8e\"},\"headline\":\"Communiqu\u00e9 de l&rsquo;association V\u00e9locit\u00e9 Narbonne suite \u00e0 la r\u00e9ouverture du pont de Carcassonne\",\"datePublished\":\"2015-04-28T11:22:42+00:00\",\"dateModified\":\"2022-12-23T19:10:22+00:00\",\"mainEntityOfPage\":{\"@id\":\"https:\\\/\\\/velocite-narbonne.fr\\\/index.php\\\/2015\\\/04\\\/28\\\/communique-de-lassociation-velocite-narbonne-suite-a-la-reouverture-du-pont-de-carcassonne\\\/\"},\"wordCount\":304,\"commentCount\":0,\"publisher\":{\"@id\":\"https:\\\/\\\/velocite-narbonne.fr\\\/#organization\"},\"image\":{\"@id\":\"https:\\\/\\\/velocite-narbonne.fr\\\/index.php\\\/2015\\\/04\\\/28\\\/communique-de-lassociation-velocite-narbonne-suite-a-la-reouverture-du-pont-de-carcassonne\\\/#primaryimage\"},\"thumbnailUrl\":\"https:\\\/\\\/velocite-narbonne.fr\\\/wp-content\\\/uploads\\\/2015\\\/04\\\/cropped-cropped-bandeau011.jpg\",\"articleSection\":[\"Am\u00e9nagements cyclables\"],\"inLanguage\":\"fr-FR\",\"potentialAction\":[{\"@type\":\"CommentAction\",\"name\":\"Comment\",\"target\":[\"https:\\\/\\\/velocite-narbonne.fr\\\/index.php\\\/2015\\\/04\\\/28\\\/communique-de-lassociation-velocite-narbonne-suite-a-la-reouverture-du-pont-de-carcassonne\\\/#respond\"]}]},{\"@type\":\"WebPage\",\"@id\":\"https:\\\/\\\/velocite-narbonne.fr\\\/index.php\\\/2015\\\/04\\\/28\\\/communique-de-lassociation-velocite-narbonne-suite-a-la-reouverture-du-pont-de-carcassonne\\\/\",\"url\":\"https:\\\/\\\/velocite-narbonne.fr\\\/index.php\\\/2015\\\/04\\\/28\\\/communique-de-lassociation-velocite-narbonne-suite-a-la-reouverture-du-pont-de-carcassonne\\\/\",\"name\":\"Communiqu\u00e9 de l'association V\u00e9locit\u00e9 Narbonne suite \u00e0 la r\u00e9ouverture du pont de Carcassonne - V\u00e9locit\u00e9 Narbonne\",\"isPartOf\":{\"@id\":\"https:\\\/\\\/velocite-narbonne.fr\\\/#website\"},\"primaryImageOfPage\":{\"@id\":\"https:\\\/\\\/velocite-narbonne.fr\\\/index.php\\\/2015\\\/04\\\/28\\\/communique-de-lassociation-velocite-narbonne-suite-a-la-reouverture-du-pont-de-carcassonne\\\/#primaryimage\"},\"image\":{\"@id\":\"https:\\\/\\\/velocite-narbonne.fr\\\/index.php\\\/2015\\\/04\\\/28\\\/communique-de-lassociation-velocite-narbonne-suite-a-la-reouverture-du-pont-de-carcassonne\\\/#primaryimage\"},\"thumbnailUrl\":\"https:\\\/\\\/velocite-narbonne.fr\\\/wp-content\\\/uploads\\\/2015\\\/04\\\/cropped-cropped-bandeau011.jpg\",\"datePublished\":\"2015-04-28T11:22:42+00:00\",\"dateModified\":\"2022-12-23T19:10:22+00:00\",\"breadcrumb\":{\"@id\":\"https:\\\/\\\/velocite-narbonne.fr\\\/index.php\\\/2015\\\/04\\\/28\\\/communique-de-lassociation-velocite-narbonne-suite-a-la-reouverture-du-pont-de-carcassonne\\\/#breadcrumb\"},\"inLanguage\":\"fr-FR\",\"potentialAction\":[{\"@type\":\"ReadAction\",\"target\":[\"https:\\\/\\\/velocite-narbonne.fr\\\/index.php\\\/2015\\\/04\\\/28\\\/communique-de-lassociation-velocite-narbonne-suite-a-la-reouverture-du-pont-de-carcassonne\\\/\"]}]},{\"@type\":\"ImageObject\",\"inLanguage\":\"fr-FR\",\"@id\":\"https:\\\/\\\/velocite-narbonne.fr\\\/index.php\\\/2015\\\/04\\\/28\\\/communique-de-lassociation-velocite-narbonne-suite-a-la-reouverture-du-pont-de-carcassonne\\\/#primaryimage\",\"url\":\"https:\\\/\\\/velocite-narbonne.fr\\\/wp-content\\\/uploads\\\/2015\\\/04\\\/cropped-cropped-bandeau011.jpg\",\"contentUrl\":\"https:\\\/\\\/velocite-narbonne.fr\\\/wp-content\\\/uploads\\\/2015\\\/04\\\/cropped-cropped-bandeau011.jpg\",\"width\":1000,\"height\":288},{\"@type\":\"BreadcrumbList\",\"@id\":\"https:\\\/\\\/velocite-narbonne.fr\\\/index.php\\\/2015\\\/04\\\/28\\\/communique-de-lassociation-velocite-narbonne-suite-a-la-reouverture-du-pont-de-carcassonne\\\/#breadcrumb\",\"itemListElement\":[{\"@type\":\"ListItem\",\"position\":1,\"name\":\"Accueil\",\"item\":\"https:\\\/\\\/velocite-narbonne.fr\\\/\"},{\"@type\":\"ListItem\",\"position\":2,\"name\":\"Communiqu\u00e9 de l&rsquo;association V\u00e9locit\u00e9 Narbonne suite \u00e0 la r\u00e9ouverture du pont de Carcassonne\"}]},{\"@type\":\"WebSite\",\"@id\":\"https:\\\/\\\/velocite-narbonne.fr\\\/#website\",\"url\":\"https:\\\/\\\/velocite-narbonne.fr\\\/\",\"name\":\"V\u00e9locit\u00e9 Narbonne\",\"description\":\"L&#039;association v\u00e9lo du Grand Narbonne\",\"publisher\":{\"@id\":\"https:\\\/\\\/velocite-narbonne.fr\\\/#organization\"},\"potentialAction\":[{\"@type\":\"SearchAction\",\"target\":{\"@type\":\"EntryPoint\",\"urlTemplate\":\"https:\\\/\\\/velocite-narbonne.fr\\\/?s={search_term_string}\"},\"query-input\":{\"@type\":\"PropertyValueSpecification\",\"valueRequired\":true,\"valueName\":\"search_term_string\"}}],\"inLanguage\":\"fr-FR\"},{\"@type\":\"Organization\",\"@id\":\"https:\\\/\\\/velocite-narbonne.fr\\\/#organization\",\"name\":\"V\u00e9locit\u00e9 Narbonne\",\"url\":\"https:\\\/\\\/velocite-narbonne.fr\\\/\",\"logo\":{\"@type\":\"ImageObject\",\"inLanguage\":\"fr-FR\",\"@id\":\"https:\\\/\\\/velocite-narbonne.fr\\\/#\\\/schema\\\/logo\\\/image\\\/\",\"url\":\"https:\\\/\\\/velocite-narbonne.fr\\\/wp-content\\\/uploads\\\/2021\\\/10\\\/cropped-Logo-velocite.png\",\"contentUrl\":\"https:\\\/\\\/velocite-narbonne.fr\\\/wp-content\\\/uploads\\\/2021\\\/10\\\/cropped-Logo-velocite.png\",\"width\":649,\"height\":216,\"caption\":\"V\u00e9locit\u00e9 Narbonne\"},\"image\":{\"@id\":\"https:\\\/\\\/velocite-narbonne.fr\\\/#\\\/schema\\\/logo\\\/image\\\/\"}},{\"@type\":\"Person\",\"@id\":\"https:\\\/\\\/velocite-narbonne.fr\\\/#\\\/schema\\\/person\\\/fe4f4b7c18b1a260278b766fd6d85f8e\",\"name\":\"V\u00e9locit\u00e9 Narbonne\",\"image\":{\"@type\":\"ImageObject\",\"inLanguage\":\"fr-FR\",\"@id\":\"https:\\\/\\\/secure.gravatar.com\\\/avatar\\\/5a306c8b3fd19df7d1bbb54a773d1bced553843b2c62396848e8a8c5cdde1b4a?s=96&d=mm&r=g\",\"url\":\"https:\\\/\\\/secure.gravatar.com\\\/avatar\\\/5a306c8b3fd19df7d1bbb54a773d1bced553843b2c62396848e8a8c5cdde1b4a?s=96&d=mm&r=g\",\"contentUrl\":\"https:\\\/\\\/secure.gravatar.com\\\/avatar\\\/5a306c8b3fd19df7d1bbb54a773d1bced553843b2c62396848e8a8c5cdde1b4a?s=96&d=mm&r=g\",\"caption\":\"V\u00e9locit\u00e9 Narbonne\"},\"url\":\"https:\\\/\\\/velocite-narbonne.fr\\\/index.php\\\/author\\\/velocitenarbonne\\\/\"}]}<\/script>\n<!-- \/ Yoast SEO plugin. -->","yoast_head_json":{"title":"Communiqu\u00e9 de l'association V\u00e9locit\u00e9 Narbonne suite \u00e0 la r\u00e9ouverture du pont de Carcassonne - V\u00e9locit\u00e9 Narbonne","robots":{"index":"index","follow":"follow","max-snippet":"max-snippet:-1","max-image-preview":"max-image-preview:large","max-video-preview":"max-video-preview:-1"},"canonical":"https:\/\/velocite-narbonne.fr\/index.php\/2015\/04\/28\/communique-de-lassociation-velocite-narbonne-suite-a-la-reouverture-du-pont-de-carcassonne\/","og_locale":"fr_FR","og_type":"article","og_title":"Communiqu\u00e9 de l'association V\u00e9locit\u00e9 Narbonne suite \u00e0 la r\u00e9ouverture du pont de Carcassonne - V\u00e9locit\u00e9 Narbonne","og_description":"Communiqu\u00e9 de presse &nbsp; &nbsp;&nbsp;Le 28 avril 2015 L&rsquo;association V\u00e9locit\u00e9 Narbonne se f\u00e9licite de la r\u00e9-ouverture du pont de Carcassonne aux v\u00e9los et pi\u00e9tons et [...]","og_url":"https:\/\/velocite-narbonne.fr\/index.php\/2015\/04\/28\/communique-de-lassociation-velocite-narbonne-suite-a-la-reouverture-du-pont-de-carcassonne\/","og_site_name":"V\u00e9locit\u00e9 Narbonne","article_published_time":"2015-04-28T11:22:42+00:00","article_modified_time":"2022-12-23T19:10:22+00:00","og_image":[{"url":"https:\/\/velocite-narbonne.fr\/wp-content\/uploads\/2015\/04\/cropped-cropped-bandeau011.jpg","type":"","width":"","height":""}],"author":"V\u00e9locit\u00e9 Narbonne","twitter_card":"summary_large_image","twitter_misc":{"\u00c9crit par":"V\u00e9locit\u00e9 Narbonne","Dur\u00e9e de lecture estim\u00e9e":"2 minutes"},"schema":{"@context":"https:\/\/schema.org","@graph":[{"@type":"Article","@id":"https:\/\/velocite-narbonne.fr\/index.php\/2015\/04\/28\/communique-de-lassociation-velocite-narbonne-suite-a-la-reouverture-du-pont-de-carcassonne\/#article","isPartOf":{"@id":"https:\/\/velocite-narbonne.fr\/index.php\/2015\/04\/28\/communique-de-lassociation-velocite-narbonne-suite-a-la-reouverture-du-pont-de-carcassonne\/"},"author":{"name":"V\u00e9locit\u00e9 Narbonne","@id":"https:\/\/velocite-narbonne.fr\/#\/schema\/person\/fe4f4b7c18b1a260278b766fd6d85f8e"},"headline":"Communiqu\u00e9 de l&rsquo;association V\u00e9locit\u00e9 Narbonne suite \u00e0 la r\u00e9ouverture du pont de Carcassonne","datePublished":"2015-04-28T11:22:42+00:00","dateModified":"2022-12-23T19:10:22+00:00","mainEntityOfPage":{"@id":"https:\/\/velocite-narbonne.fr\/index.php\/2015\/04\/28\/communique-de-lassociation-velocite-narbonne-suite-a-la-reouverture-du-pont-de-carcassonne\/"},"wordCount":304,"commentCount":0,"publisher":{"@id":"https:\/\/velocite-narbonne.fr\/#organization"},"image":{"@id":"https:\/\/velocite-narbonne.fr\/index.php\/2015\/04\/28\/communique-de-lassociation-velocite-narbonne-suite-a-la-reouverture-du-pont-de-carcassonne\/#primaryimage"},"thumbnailUrl":"https:\/\/velocite-narbonne.fr\/wp-content\/uploads\/2015\/04\/cropped-cropped-bandeau011.jpg","articleSection":["Am\u00e9nagements cyclables"],"inLanguage":"fr-FR","potentialAction":[{"@type":"CommentAction","name":"Comment","target":["https:\/\/velocite-narbonne.fr\/index.php\/2015\/04\/28\/communique-de-lassociation-velocite-narbonne-suite-a-la-reouverture-du-pont-de-carcassonne\/#respond"]}]},{"@type":"WebPage","@id":"https:\/\/velocite-narbonne.fr\/index.php\/2015\/04\/28\/communique-de-lassociation-velocite-narbonne-suite-a-la-reouverture-du-pont-de-carcassonne\/","url":"https:\/\/velocite-narbonne.fr\/index.php\/2015\/04\/28\/communique-de-lassociation-velocite-narbonne-suite-a-la-reouverture-du-pont-de-carcassonne\/","name":"Communiqu\u00e9 de l'association V\u00e9locit\u00e9 Narbonne suite \u00e0 la r\u00e9ouverture du pont de Carcassonne - V\u00e9locit\u00e9 Narbonne","isPartOf":{"@id":"https:\/\/velocite-narbonne.fr\/#website"},"primaryImageOfPage":{"@id":"https:\/\/velocite-narbonne.fr\/index.php\/2015\/04\/28\/communique-de-lassociation-velocite-narbonne-suite-a-la-reouverture-du-pont-de-carcassonne\/#primaryimage"},"image":{"@id":"https:\/\/velocite-narbonne.fr\/index.php\/2015\/04\/28\/communique-de-lassociation-velocite-narbonne-suite-a-la-reouverture-du-pont-de-carcassonne\/#primaryimage"},"thumbnailUrl":"https:\/\/velocite-narbonne.fr\/wp-content\/uploads\/2015\/04\/cropped-cropped-bandeau011.jpg","datePublished":"2015-04-28T11:22:42+00:00","dateModified":"2022-12-23T19:10:22+00:00","breadcrumb":{"@id":"https:\/\/velocite-narbonne.fr\/index.php\/2015\/04\/28\/communique-de-lassociation-velocite-narbonne-suite-a-la-reouverture-du-pont-de-carcassonne\/#breadcrumb"},"inLanguage":"fr-FR","potentialAction":[{"@type":"ReadAction","target":["https:\/\/velocite-narbonne.fr\/index.php\/2015\/04\/28\/communique-de-lassociation-velocite-narbonne-suite-a-la-reouverture-du-pont-de-carcassonne\/"]}]},{"@type":"ImageObject","inLanguage":"fr-FR","@id":"https:\/\/velocite-narbonne.fr\/index.php\/2015\/04\/28\/communique-de-lassociation-velocite-narbonne-suite-a-la-reouverture-du-pont-de-carcassonne\/#primaryimage","url":"https:\/\/velocite-narbonne.fr\/wp-content\/uploads\/2015\/04\/cropped-cropped-bandeau011.jpg","contentUrl":"https:\/\/velocite-narbonne.fr\/wp-content\/uploads\/2015\/04\/cropped-cropped-bandeau011.jpg","width":1000,"height":288},{"@type":"BreadcrumbList","@id":"https:\/\/velocite-narbonne.fr\/index.php\/2015\/04\/28\/communique-de-lassociation-velocite-narbonne-suite-a-la-reouverture-du-pont-de-carcassonne\/#breadcrumb","itemListElement":[{"@type":"ListItem","position":1,"name":"Accueil","item":"https:\/\/velocite-narbonne.fr\/"},{"@type":"ListItem","position":2,"name":"Communiqu\u00e9 de l&rsquo;association V\u00e9locit\u00e9 Narbonne suite \u00e0 la r\u00e9ouverture du pont de Carcassonne"}]},{"@type":"WebSite","@id":"https:\/\/velocite-narbonne.fr\/#website","url":"https:\/\/velocite-narbonne.fr\/","name":"V\u00e9locit\u00e9 Narbonne","description":"L&#039;association v\u00e9lo du Grand Narbonne","publisher":{"@id":"https:\/\/velocite-narbonne.fr\/#organization"},"potentialAction":[{"@type":"SearchAction","target":{"@type":"EntryPoint","urlTemplate":"https:\/\/velocite-narbonne.fr\/?s={search_term_string}"},"query-input":{"@type":"PropertyValueSpecification","valueRequired":true,"valueName":"search_term_string"}}],"inLanguage":"fr-FR"},{"@type":"Organization","@id":"https:\/\/velocite-narbonne.fr\/#organization","name":"V\u00e9locit\u00e9 Narbonne","url":"https:\/\/velocite-narbonne.fr\/","logo":{"@type":"ImageObject","inLanguage":"fr-FR","@id":"https:\/\/velocite-narbonne.fr\/#\/schema\/logo\/image\/","url":"https:\/\/velocite-narbonne.fr\/wp-content\/uploads\/2021\/10\/cropped-Logo-velocite.png","contentUrl":"https:\/\/velocite-narbonne.fr\/wp-content\/uploads\/2021\/10\/cropped-Logo-velocite.png","width":649,"height":216,"caption":"V\u00e9locit\u00e9 Narbonne"},"image":{"@id":"https:\/\/velocite-narbonne.fr\/#\/schema\/logo\/image\/"}},{"@type":"Person","@id":"https:\/\/velocite-narbonne.fr\/#\/schema\/person\/fe4f4b7c18b1a260278b766fd6d85f8e","name":"V\u00e9locit\u00e9 Narbonne","image":{"@type":"ImageObject","inLanguage":"fr-FR","@id":"https:\/\/secure.gravatar.com\/avatar\/5a306c8b3fd19df7d1bbb54a773d1bced553843b2c62396848e8a8c5cdde1b4a?s=96&d=mm&r=g","url":"https:\/\/secure.gravatar.com\/avatar\/5a306c8b3fd19df7d1bbb54a773d1bced553843b2c62396848e8a8c5cdde1b4a?s=96&d=mm&r=g","contentUrl":"https:\/\/secure.gravatar.com\/avatar\/5a306c8b3fd19df7d1bbb54a773d1bced553843b2c62396848e8a8c5cdde1b4a?s=96&d=mm&r=g","caption":"V\u00e9locit\u00e9 Narbonne"},"url":"https:\/\/velocite-narbonne.fr\/index.php\/author\/velocitenarbonne\/"}]}},"_links":{"self":[{"href":"https:\/\/velocite-narbonne.fr\/index.php\/wp-json\/wp\/v2\/posts\/219","targetHints":{"allow":["GET"]}}],"collection":[{"href":"https:\/\/velocite-narbonne.fr\/index.php\/wp-json\/wp\/v2\/posts"}],"about":[{"href":"https:\/\/velocite-narbonne.fr\/index.php\/wp-json\/wp\/v2\/types\/post"}],"author":[{"embeddable":true,"href":"https:\/\/velocite-narbonne.fr\/index.php\/wp-json\/wp\/v2\/users\/20"}],"replies":[{"embeddable":true,"href":"https:\/\/velocite-narbonne.fr\/index.php\/wp-json\/wp\/v2\/comments?post=219"}],"version-history":[{"count":2,"href":"https:\/\/velocite-narbonne.fr\/index.php\/wp-json\/wp\/v2\/posts\/219\/revisions"}],"predecessor-version":[{"id":2370,"href":"https:\/\/velocite-narbonne.fr\/index.php\/wp-json\/wp\/v2\/posts\/219\/revisions\/2370"}],"wp:attachment":[{"href":"https:\/\/velocite-narbonne.fr\/index.php\/wp-json\/wp\/v2\/media?parent=219"}],"wp:term":[{"taxonomy":"category","embeddable":true,"href":"https:\/\/velocite-narbonne.fr\/index.php\/wp-json\/wp\/v2\/categories?post=219"},{"taxonomy":"post_tag","embeddable":true,"href":"https:\/\/velocite-narbonne.fr\/index.php\/wp-json\/wp\/v2\/tags?post=219"}],"curies":[{"name":"wp","href":"https:\/\/api.w.org\/{rel}","templated":true}]}}