{"id":1895,"date":"2022-11-18T15:27:45","date_gmt":"2022-11-18T14:27:45","guid":{"rendered":"https:\/\/velocite-narbonne.fr\/?p=1895"},"modified":"2022-12-14T10:51:28","modified_gmt":"2022-12-14T09:51:28","slug":"velorution-des-loupiotes","status":"publish","type":"post","link":"https:\/\/velocite-narbonne.fr\/index.php\/2022\/11\/18\/velorution-des-loupiotes\/","title":{"rendered":"V\u00e9lorution des loupiotes"},"content":{"rendered":"\n<figure class=\"wp-block-image size-full\"><img decoding=\"async\" width=\"880\" height=\"400\" data-src=\"https:\/\/velocite-narbonne.fr\/wp-content\/uploads\/2022\/11\/FUB-2022-Cyclistes-brillez.jpg\" alt=\"Campagne \u00e9clairage FUB\" class=\"wp-image-1896 lazyload\" data-srcset=\"https:\/\/velocite-narbonne.fr\/wp-content\/uploads\/2022\/11\/FUB-2022-Cyclistes-brillez.jpg 880w, https:\/\/velocite-narbonne.fr\/wp-content\/uploads\/2022\/11\/FUB-2022-Cyclistes-brillez-300x136.jpg 300w, https:\/\/velocite-narbonne.fr\/wp-content\/uploads\/2022\/11\/FUB-2022-Cyclistes-brillez-768x349.jpg 768w, https:\/\/velocite-narbonne.fr\/wp-content\/uploads\/2022\/11\/FUB-2022-Cyclistes-brillez-800x364.jpg 800w\" data-sizes=\"(max-width: 880px) 100vw, 880px\" src=\"data:image\/svg+xml;base64,PHN2ZyB3aWR0aD0iMSIgaGVpZ2h0PSIxIiB4bWxucz0iaHR0cDovL3d3dy53My5vcmcvMjAwMC9zdmciPjwvc3ZnPg==\" style=\"--smush-placeholder-width: 880px; --smush-placeholder-aspect-ratio: 880\/400;\" \/><\/figure>\n\n\n\n<p>Dans le cadre de la campagne de la FUB \u00ab cyclistes brillez \u00bb. V\u00e9locit\u00e9 Narbonne organise la v\u00e9lorution des loupiotes, le samedi 19 novembre 2022. D\u00e9part devant les Halles \u00e0 18h00.<br>Venez nombreux, avec \u00e9clairages, gilets<img decoding=\"async\" data-src=\"https:\/\/static.xx.fbcdn.net\/images\/emoji.php\/v9\/ta9\/1.5\/16\/1f9ba.png\" alt=\"\ud83e\uddba\" width=\"16\" height=\"16\" src=\"data:image\/svg+xml;base64,PHN2ZyB3aWR0aD0iMSIgaGVpZ2h0PSIxIiB4bWxucz0iaHR0cDovL3d3dy53My5vcmcvMjAwMC9zdmciPjwvc3ZnPg==\" class=\"lazyload\" style=\"--smush-placeholder-width: 16px; --smush-placeholder-aspect-ratio: 16\/16;\">, et guirlandes lumineuses&#8230;<\/p>\n\n\n\n<p>Avec le changement de saison, la nuit tombe de plus en plus t\u00f4t. Il est primordial de se rendre visible \u00e0 v\u00e9lo pour assurer sa propre s\u00e9curit\u00e9, mais \u00e9galement pour prot\u00e9ger les autres usagers de la route. Malheureusement, tous les cyclistes ne sont pas encore bien \u00e9quip\u00e9s : 57 % de celles et ceux qui roulent en ville de nuit sont mal \u00e9clair\u00e9s<sup>1<\/sup>.<\/p>\n\n\n\n<p>La campagne FUB est visible <a href=\"https:\/\/www.fub.fr\/fub\/actualites\/campagne-cyclistes-brillez-1er-30-novembre-2022\" target=\"_blank\" rel=\"noreferrer noopener\">ici<\/a><\/p>\n\n\n\n<p>L&rsquo;article de l&rsquo;Ind\u00e9pendant annon\u00e7ant l&rsquo;\u00e9v\u00e9nement est consultable <a href=\"https:\/\/www.lindependant.fr\/2022\/11\/17\/narbonne-une-velorution-des-loupiotes-pour-sensibiliser-sur-la-conduite-nocturne-10807323.php\" target=\"_blank\" rel=\"noreferrer noopener\">ici<\/a>, en libre acc\u00e8s.<\/p>\n\n\n\n<p><em><sup>1<\/sup>Source : enqu\u00eate de l\u2019association Pr\u00e9vention routi\u00e8re et de la MMA &#8211; mars 2018.<\/em><\/p>\n","protected":false},"excerpt":{"rendered":"<p>Dans le cadre de la campagne de la FUB \u00ab cyclistes brillez \u00bb. V\u00e9locit\u00e9 Narbonne organise la v\u00e9lorution des loupiotes, le samedi 19 novembre 2022. [&#8230;]<\/p>\n","protected":false},"author":18,"featured_media":1896,"comment_status":"open","ping_status":"open","sticky":false,"template":"","format":"standard","meta":{"footnotes":""},"categories":[41],"tags":[120],"class_list":["post-1895","post","type-post","status-publish","format-standard","has-post-thumbnail","hentry","category-velorutions","tag-eclairage"],"yoast_head":"<!-- This site is optimized with the Yoast SEO plugin v27.5 - https:\/\/yoast.com\/product\/yoast-seo-wordpress\/ -->\n<title>V\u00e9lorution \u00e9clairage - V\u00e9locit\u00e9 Narbonne<\/title>\n<meta name=\"description\" content=\"Dans le cadre de la campagne de la FUB \u00ab cyclistes brillez \u00bb. V\u00e9locit\u00e9 Narbonne organise une v\u00e9lorution sur le th\u00e8me de l&#039;\u00e9clairage.\" \/>\n<meta name=\"robots\" content=\"index, follow, max-snippet:-1, max-image-preview:large, max-video-preview:-1\" \/>\n<link rel=\"canonical\" href=\"https:\/\/velocite-narbonne.fr\/index.php\/2022\/11\/18\/velorution-des-loupiotes\/\" \/>\n<meta property=\"og:locale\" content=\"fr_FR\" \/>\n<meta property=\"og:type\" content=\"article\" \/>\n<meta property=\"og:title\" content=\"V\u00e9lorution \u00e9clairage - V\u00e9locit\u00e9 Narbonne\" \/>\n<meta property=\"og:description\" content=\"Dans le cadre de la campagne de la FUB \u00ab cyclistes brillez \u00bb. V\u00e9locit\u00e9 Narbonne organise une v\u00e9lorution sur le th\u00e8me de l&#039;\u00e9clairage.\" \/>\n<meta property=\"og:url\" content=\"https:\/\/velocite-narbonne.fr\/index.php\/2022\/11\/18\/velorution-des-loupiotes\/\" \/>\n<meta property=\"og:site_name\" content=\"V\u00e9locit\u00e9 Narbonne\" \/>\n<meta property=\"article:published_time\" content=\"2022-11-18T14:27:45+00:00\" \/>\n<meta property=\"article:modified_time\" content=\"2022-12-14T09:51:28+00:00\" \/>\n<meta property=\"og:image\" content=\"https:\/\/velocite-narbonne.fr\/wp-content\/uploads\/2022\/11\/FUB-2022-Cyclistes-brillez.jpg\" \/>\n\t<meta property=\"og:image:width\" content=\"880\" \/>\n\t<meta property=\"og:image:height\" content=\"400\" \/>\n\t<meta property=\"og:image:type\" content=\"image\/jpeg\" \/>\n<meta name=\"author\" content=\"Jo\u00ebl Brich\" \/>\n<meta name=\"twitter:card\" content=\"summary_large_image\" \/>\n<meta name=\"twitter:label1\" content=\"\u00c9crit par\" \/>\n\t<meta name=\"twitter:data1\" content=\"Jo\u00ebl Brich\" \/>\n\t<meta name=\"twitter:label2\" content=\"Dur\u00e9e de lecture estim\u00e9e\" \/>\n\t<meta name=\"twitter:data2\" content=\"2 minutes\" \/>\n<script type=\"application\/ld+json\" class=\"yoast-schema-graph\">{\"@context\":\"https:\\\/\\\/schema.org\",\"@graph\":[{\"@type\":\"Article\",\"@id\":\"https:\\\/\\\/velocite-narbonne.fr\\\/index.php\\\/2022\\\/11\\\/18\\\/velorution-des-loupiotes\\\/#article\",\"isPartOf\":{\"@id\":\"https:\\\/\\\/velocite-narbonne.fr\\\/index.php\\\/2022\\\/11\\\/18\\\/velorution-des-loupiotes\\\/\"},\"author\":{\"name\":\"Jo\u00ebl Brich\",\"@id\":\"https:\\\/\\\/velocite-narbonne.fr\\\/#\\\/schema\\\/person\\\/d17dc5dc9ddcefd5daade5c87e567f75\"},\"headline\":\"V\u00e9lorution des loupiotes\",\"datePublished\":\"2022-11-18T14:27:45+00:00\",\"dateModified\":\"2022-12-14T09:51:28+00:00\",\"mainEntityOfPage\":{\"@id\":\"https:\\\/\\\/velocite-narbonne.fr\\\/index.php\\\/2022\\\/11\\\/18\\\/velorution-des-loupiotes\\\/\"},\"wordCount\":146,\"commentCount\":0,\"publisher\":{\"@id\":\"https:\\\/\\\/velocite-narbonne.fr\\\/#organization\"},\"image\":{\"@id\":\"https:\\\/\\\/velocite-narbonne.fr\\\/index.php\\\/2022\\\/11\\\/18\\\/velorution-des-loupiotes\\\/#primaryimage\"},\"thumbnailUrl\":\"https:\\\/\\\/velocite-narbonne.fr\\\/wp-content\\\/uploads\\\/2022\\\/11\\\/FUB-2022-Cyclistes-brillez.jpg\",\"keywords\":[\"Eclairage\"],\"articleSection\":[\"V\u00e9lorutions\"],\"inLanguage\":\"fr-FR\",\"potentialAction\":[{\"@type\":\"CommentAction\",\"name\":\"Comment\",\"target\":[\"https:\\\/\\\/velocite-narbonne.fr\\\/index.php\\\/2022\\\/11\\\/18\\\/velorution-des-loupiotes\\\/#respond\"]}]},{\"@type\":\"WebPage\",\"@id\":\"https:\\\/\\\/velocite-narbonne.fr\\\/index.php\\\/2022\\\/11\\\/18\\\/velorution-des-loupiotes\\\/\",\"url\":\"https:\\\/\\\/velocite-narbonne.fr\\\/index.php\\\/2022\\\/11\\\/18\\\/velorution-des-loupiotes\\\/\",\"name\":\"V\u00e9lorution \u00e9clairage - V\u00e9locit\u00e9 Narbonne\",\"isPartOf\":{\"@id\":\"https:\\\/\\\/velocite-narbonne.fr\\\/#website\"},\"primaryImageOfPage\":{\"@id\":\"https:\\\/\\\/velocite-narbonne.fr\\\/index.php\\\/2022\\\/11\\\/18\\\/velorution-des-loupiotes\\\/#primaryimage\"},\"image\":{\"@id\":\"https:\\\/\\\/velocite-narbonne.fr\\\/index.php\\\/2022\\\/11\\\/18\\\/velorution-des-loupiotes\\\/#primaryimage\"},\"thumbnailUrl\":\"https:\\\/\\\/velocite-narbonne.fr\\\/wp-content\\\/uploads\\\/2022\\\/11\\\/FUB-2022-Cyclistes-brillez.jpg\",\"datePublished\":\"2022-11-18T14:27:45+00:00\",\"dateModified\":\"2022-12-14T09:51:28+00:00\",\"description\":\"Dans le cadre de la campagne de la FUB \u00ab cyclistes brillez \u00bb. V\u00e9locit\u00e9 Narbonne organise une v\u00e9lorution sur le th\u00e8me de l'\u00e9clairage.\",\"breadcrumb\":{\"@id\":\"https:\\\/\\\/velocite-narbonne.fr\\\/index.php\\\/2022\\\/11\\\/18\\\/velorution-des-loupiotes\\\/#breadcrumb\"},\"inLanguage\":\"fr-FR\",\"potentialAction\":[{\"@type\":\"ReadAction\",\"target\":[\"https:\\\/\\\/velocite-narbonne.fr\\\/index.php\\\/2022\\\/11\\\/18\\\/velorution-des-loupiotes\\\/\"]}]},{\"@type\":\"ImageObject\",\"inLanguage\":\"fr-FR\",\"@id\":\"https:\\\/\\\/velocite-narbonne.fr\\\/index.php\\\/2022\\\/11\\\/18\\\/velorution-des-loupiotes\\\/#primaryimage\",\"url\":\"https:\\\/\\\/velocite-narbonne.fr\\\/wp-content\\\/uploads\\\/2022\\\/11\\\/FUB-2022-Cyclistes-brillez.jpg\",\"contentUrl\":\"https:\\\/\\\/velocite-narbonne.fr\\\/wp-content\\\/uploads\\\/2022\\\/11\\\/FUB-2022-Cyclistes-brillez.jpg\",\"width\":880,\"height\":400},{\"@type\":\"BreadcrumbList\",\"@id\":\"https:\\\/\\\/velocite-narbonne.fr\\\/index.php\\\/2022\\\/11\\\/18\\\/velorution-des-loupiotes\\\/#breadcrumb\",\"itemListElement\":[{\"@type\":\"ListItem\",\"position\":1,\"name\":\"Accueil\",\"item\":\"https:\\\/\\\/velocite-narbonne.fr\\\/\"},{\"@type\":\"ListItem\",\"position\":2,\"name\":\"V\u00e9lorution des loupiotes\"}]},{\"@type\":\"WebSite\",\"@id\":\"https:\\\/\\\/velocite-narbonne.fr\\\/#website\",\"url\":\"https:\\\/\\\/velocite-narbonne.fr\\\/\",\"name\":\"V\u00e9locit\u00e9 Narbonne\",\"description\":\"L&#039;association v\u00e9lo du Grand Narbonne\",\"publisher\":{\"@id\":\"https:\\\/\\\/velocite-narbonne.fr\\\/#organization\"},\"potentialAction\":[{\"@type\":\"SearchAction\",\"target\":{\"@type\":\"EntryPoint\",\"urlTemplate\":\"https:\\\/\\\/velocite-narbonne.fr\\\/?s={search_term_string}\"},\"query-input\":{\"@type\":\"PropertyValueSpecification\",\"valueRequired\":true,\"valueName\":\"search_term_string\"}}],\"inLanguage\":\"fr-FR\"},{\"@type\":\"Organization\",\"@id\":\"https:\\\/\\\/velocite-narbonne.fr\\\/#organization\",\"name\":\"V\u00e9locit\u00e9 Narbonne\",\"url\":\"https:\\\/\\\/velocite-narbonne.fr\\\/\",\"logo\":{\"@type\":\"ImageObject\",\"inLanguage\":\"fr-FR\",\"@id\":\"https:\\\/\\\/velocite-narbonne.fr\\\/#\\\/schema\\\/logo\\\/image\\\/\",\"url\":\"https:\\\/\\\/velocite-narbonne.fr\\\/wp-content\\\/uploads\\\/2021\\\/10\\\/cropped-Logo-velocite.png\",\"contentUrl\":\"https:\\\/\\\/velocite-narbonne.fr\\\/wp-content\\\/uploads\\\/2021\\\/10\\\/cropped-Logo-velocite.png\",\"width\":649,\"height\":216,\"caption\":\"V\u00e9locit\u00e9 Narbonne\"},\"image\":{\"@id\":\"https:\\\/\\\/velocite-narbonne.fr\\\/#\\\/schema\\\/logo\\\/image\\\/\"}},{\"@type\":\"Person\",\"@id\":\"https:\\\/\\\/velocite-narbonne.fr\\\/#\\\/schema\\\/person\\\/d17dc5dc9ddcefd5daade5c87e567f75\",\"name\":\"Jo\u00ebl Brich\",\"image\":{\"@type\":\"ImageObject\",\"inLanguage\":\"fr-FR\",\"@id\":\"https:\\\/\\\/secure.gravatar.com\\\/avatar\\\/23b9446b897a6bcf49cad3e59721923dfa689e30c7b2b15edeaf45eeb94f51ea?s=96&d=mm&r=g\",\"url\":\"https:\\\/\\\/secure.gravatar.com\\\/avatar\\\/23b9446b897a6bcf49cad3e59721923dfa689e30c7b2b15edeaf45eeb94f51ea?s=96&d=mm&r=g\",\"contentUrl\":\"https:\\\/\\\/secure.gravatar.com\\\/avatar\\\/23b9446b897a6bcf49cad3e59721923dfa689e30c7b2b15edeaf45eeb94f51ea?s=96&d=mm&r=g\",\"caption\":\"Jo\u00ebl Brich\"},\"url\":\"https:\\\/\\\/velocite-narbonne.fr\\\/index.php\\\/author\\\/joel\\\/\"}]}<\/script>\n<!-- \/ Yoast SEO plugin. -->","yoast_head_json":{"title":"V\u00e9lorution \u00e9clairage - V\u00e9locit\u00e9 Narbonne","description":"Dans le cadre de la campagne de la FUB \u00ab cyclistes brillez \u00bb. V\u00e9locit\u00e9 Narbonne organise une v\u00e9lorution sur le th\u00e8me de l'\u00e9clairage.","robots":{"index":"index","follow":"follow","max-snippet":"max-snippet:-1","max-image-preview":"max-image-preview:large","max-video-preview":"max-video-preview:-1"},"canonical":"https:\/\/velocite-narbonne.fr\/index.php\/2022\/11\/18\/velorution-des-loupiotes\/","og_locale":"fr_FR","og_type":"article","og_title":"V\u00e9lorution \u00e9clairage - V\u00e9locit\u00e9 Narbonne","og_description":"Dans le cadre de la campagne de la FUB \u00ab cyclistes brillez \u00bb. V\u00e9locit\u00e9 Narbonne organise une v\u00e9lorution sur le th\u00e8me de l'\u00e9clairage.","og_url":"https:\/\/velocite-narbonne.fr\/index.php\/2022\/11\/18\/velorution-des-loupiotes\/","og_site_name":"V\u00e9locit\u00e9 Narbonne","article_published_time":"2022-11-18T14:27:45+00:00","article_modified_time":"2022-12-14T09:51:28+00:00","og_image":[{"width":880,"height":400,"url":"https:\/\/velocite-narbonne.fr\/wp-content\/uploads\/2022\/11\/FUB-2022-Cyclistes-brillez.jpg","type":"image\/jpeg"}],"author":"Jo\u00ebl Brich","twitter_card":"summary_large_image","twitter_misc":{"\u00c9crit par":"Jo\u00ebl Brich","Dur\u00e9e de lecture estim\u00e9e":"2 minutes"},"schema":{"@context":"https:\/\/schema.org","@graph":[{"@type":"Article","@id":"https:\/\/velocite-narbonne.fr\/index.php\/2022\/11\/18\/velorution-des-loupiotes\/#article","isPartOf":{"@id":"https:\/\/velocite-narbonne.fr\/index.php\/2022\/11\/18\/velorution-des-loupiotes\/"},"author":{"name":"Jo\u00ebl Brich","@id":"https:\/\/velocite-narbonne.fr\/#\/schema\/person\/d17dc5dc9ddcefd5daade5c87e567f75"},"headline":"V\u00e9lorution des loupiotes","datePublished":"2022-11-18T14:27:45+00:00","dateModified":"2022-12-14T09:51:28+00:00","mainEntityOfPage":{"@id":"https:\/\/velocite-narbonne.fr\/index.php\/2022\/11\/18\/velorution-des-loupiotes\/"},"wordCount":146,"commentCount":0,"publisher":{"@id":"https:\/\/velocite-narbonne.fr\/#organization"},"image":{"@id":"https:\/\/velocite-narbonne.fr\/index.php\/2022\/11\/18\/velorution-des-loupiotes\/#primaryimage"},"thumbnailUrl":"https:\/\/velocite-narbonne.fr\/wp-content\/uploads\/2022\/11\/FUB-2022-Cyclistes-brillez.jpg","keywords":["Eclairage"],"articleSection":["V\u00e9lorutions"],"inLanguage":"fr-FR","potentialAction":[{"@type":"CommentAction","name":"Comment","target":["https:\/\/velocite-narbonne.fr\/index.php\/2022\/11\/18\/velorution-des-loupiotes\/#respond"]}]},{"@type":"WebPage","@id":"https:\/\/velocite-narbonne.fr\/index.php\/2022\/11\/18\/velorution-des-loupiotes\/","url":"https:\/\/velocite-narbonne.fr\/index.php\/2022\/11\/18\/velorution-des-loupiotes\/","name":"V\u00e9lorution \u00e9clairage - V\u00e9locit\u00e9 Narbonne","isPartOf":{"@id":"https:\/\/velocite-narbonne.fr\/#website"},"primaryImageOfPage":{"@id":"https:\/\/velocite-narbonne.fr\/index.php\/2022\/11\/18\/velorution-des-loupiotes\/#primaryimage"},"image":{"@id":"https:\/\/velocite-narbonne.fr\/index.php\/2022\/11\/18\/velorution-des-loupiotes\/#primaryimage"},"thumbnailUrl":"https:\/\/velocite-narbonne.fr\/wp-content\/uploads\/2022\/11\/FUB-2022-Cyclistes-brillez.jpg","datePublished":"2022-11-18T14:27:45+00:00","dateModified":"2022-12-14T09:51:28+00:00","description":"Dans le cadre de la campagne de la FUB \u00ab cyclistes brillez \u00bb. V\u00e9locit\u00e9 Narbonne organise une v\u00e9lorution sur le th\u00e8me de l'\u00e9clairage.","breadcrumb":{"@id":"https:\/\/velocite-narbonne.fr\/index.php\/2022\/11\/18\/velorution-des-loupiotes\/#breadcrumb"},"inLanguage":"fr-FR","potentialAction":[{"@type":"ReadAction","target":["https:\/\/velocite-narbonne.fr\/index.php\/2022\/11\/18\/velorution-des-loupiotes\/"]}]},{"@type":"ImageObject","inLanguage":"fr-FR","@id":"https:\/\/velocite-narbonne.fr\/index.php\/2022\/11\/18\/velorution-des-loupiotes\/#primaryimage","url":"https:\/\/velocite-narbonne.fr\/wp-content\/uploads\/2022\/11\/FUB-2022-Cyclistes-brillez.jpg","contentUrl":"https:\/\/velocite-narbonne.fr\/wp-content\/uploads\/2022\/11\/FUB-2022-Cyclistes-brillez.jpg","width":880,"height":400},{"@type":"BreadcrumbList","@id":"https:\/\/velocite-narbonne.fr\/index.php\/2022\/11\/18\/velorution-des-loupiotes\/#breadcrumb","itemListElement":[{"@type":"ListItem","position":1,"name":"Accueil","item":"https:\/\/velocite-narbonne.fr\/"},{"@type":"ListItem","position":2,"name":"V\u00e9lorution des loupiotes"}]},{"@type":"WebSite","@id":"https:\/\/velocite-narbonne.fr\/#website","url":"https:\/\/velocite-narbonne.fr\/","name":"V\u00e9locit\u00e9 Narbonne","description":"L&#039;association v\u00e9lo du Grand Narbonne","publisher":{"@id":"https:\/\/velocite-narbonne.fr\/#organization"},"potentialAction":[{"@type":"SearchAction","target":{"@type":"EntryPoint","urlTemplate":"https:\/\/velocite-narbonne.fr\/?s={search_term_string}"},"query-input":{"@type":"PropertyValueSpecification","valueRequired":true,"valueName":"search_term_string"}}],"inLanguage":"fr-FR"},{"@type":"Organization","@id":"https:\/\/velocite-narbonne.fr\/#organization","name":"V\u00e9locit\u00e9 Narbonne","url":"https:\/\/velocite-narbonne.fr\/","logo":{"@type":"ImageObject","inLanguage":"fr-FR","@id":"https:\/\/velocite-narbonne.fr\/#\/schema\/logo\/image\/","url":"https:\/\/velocite-narbonne.fr\/wp-content\/uploads\/2021\/10\/cropped-Logo-velocite.png","contentUrl":"https:\/\/velocite-narbonne.fr\/wp-content\/uploads\/2021\/10\/cropped-Logo-velocite.png","width":649,"height":216,"caption":"V\u00e9locit\u00e9 Narbonne"},"image":{"@id":"https:\/\/velocite-narbonne.fr\/#\/schema\/logo\/image\/"}},{"@type":"Person","@id":"https:\/\/velocite-narbonne.fr\/#\/schema\/person\/d17dc5dc9ddcefd5daade5c87e567f75","name":"Jo\u00ebl Brich","image":{"@type":"ImageObject","inLanguage":"fr-FR","@id":"https:\/\/secure.gravatar.com\/avatar\/23b9446b897a6bcf49cad3e59721923dfa689e30c7b2b15edeaf45eeb94f51ea?s=96&d=mm&r=g","url":"https:\/\/secure.gravatar.com\/avatar\/23b9446b897a6bcf49cad3e59721923dfa689e30c7b2b15edeaf45eeb94f51ea?s=96&d=mm&r=g","contentUrl":"https:\/\/secure.gravatar.com\/avatar\/23b9446b897a6bcf49cad3e59721923dfa689e30c7b2b15edeaf45eeb94f51ea?s=96&d=mm&r=g","caption":"Jo\u00ebl Brich"},"url":"https:\/\/velocite-narbonne.fr\/index.php\/author\/joel\/"}]}},"_links":{"self":[{"href":"https:\/\/velocite-narbonne.fr\/index.php\/wp-json\/wp\/v2\/posts\/1895","targetHints":{"allow":["GET"]}}],"collection":[{"href":"https:\/\/velocite-narbonne.fr\/index.php\/wp-json\/wp\/v2\/posts"}],"about":[{"href":"https:\/\/velocite-narbonne.fr\/index.php\/wp-json\/wp\/v2\/types\/post"}],"author":[{"embeddable":true,"href":"https:\/\/velocite-narbonne.fr\/index.php\/wp-json\/wp\/v2\/users\/18"}],"replies":[{"embeddable":true,"href":"https:\/\/velocite-narbonne.fr\/index.php\/wp-json\/wp\/v2\/comments?post=1895"}],"version-history":[{"count":2,"href":"https:\/\/velocite-narbonne.fr\/index.php\/wp-json\/wp\/v2\/posts\/1895\/revisions"}],"predecessor-version":[{"id":1898,"href":"https:\/\/velocite-narbonne.fr\/index.php\/wp-json\/wp\/v2\/posts\/1895\/revisions\/1898"}],"wp:featuredmedia":[{"embeddable":true,"href":"https:\/\/velocite-narbonne.fr\/index.php\/wp-json\/wp\/v2\/media\/1896"}],"wp:attachment":[{"href":"https:\/\/velocite-narbonne.fr\/index.php\/wp-json\/wp\/v2\/media?parent=1895"}],"wp:term":[{"taxonomy":"category","embeddable":true,"href":"https:\/\/velocite-narbonne.fr\/index.php\/wp-json\/wp\/v2\/categories?post=1895"},{"taxonomy":"post_tag","embeddable":true,"href":"https:\/\/velocite-narbonne.fr\/index.php\/wp-json\/wp\/v2\/tags?post=1895"}],"curies":[{"name":"wp","href":"https:\/\/api.w.org\/{rel}","templated":true}]}}