{"id":1589,"date":"2019-12-24T14:26:33","date_gmt":"2019-12-24T13:26:33","guid":{"rendered":"https:\/\/velocitenarbonne.wordpress.com\/?p=1589"},"modified":"2022-12-14T19:56:18","modified_gmt":"2022-12-14T18:56:18","slug":"des-commentaires-de-cyclistes-narbonnais-unanimes-2","status":"publish","type":"post","link":"https:\/\/velocite-narbonne.fr\/index.php\/2019\/12\/24\/des-commentaires-de-cyclistes-narbonnais-unanimes-2\/","title":{"rendered":"Des commentaires de cyclistes narbonnais unanimes&#8230;"},"content":{"rendered":"\n<figure class=\"wp-block-image aligncenter size-large\"><img decoding=\"async\" width=\"1024\" height=\"646\" data-src=\"https:\/\/velocite-narbonne.fr\/wp-content\/uploads\/2022\/11\/visuel-commentaies-1024x646.jpg\" alt=\"\" class=\"wp-image-347 lazyload\" data-srcset=\"https:\/\/velocite-narbonne.fr\/wp-content\/uploads\/2022\/11\/visuel-commentaies-1024x646.jpg 1024w, https:\/\/velocite-narbonne.fr\/wp-content\/uploads\/2022\/11\/visuel-commentaies-300x189.jpg 300w, https:\/\/velocite-narbonne.fr\/wp-content\/uploads\/2022\/11\/visuel-commentaies-768x485.jpg 768w, https:\/\/velocite-narbonne.fr\/wp-content\/uploads\/2022\/11\/visuel-commentaies-1536x969.jpg 1536w, https:\/\/velocite-narbonne.fr\/wp-content\/uploads\/2022\/11\/visuel-commentaies-2048x1292.jpg 2048w\" data-sizes=\"(max-width: 1024px) 100vw, 1024px\" src=\"data:image\/svg+xml;base64,PHN2ZyB3aWR0aD0iMSIgaGVpZ2h0PSIxIiB4bWxucz0iaHR0cDovL3d3dy53My5vcmcvMjAwMC9zdmciPjwvc3ZnPg==\" style=\"--smush-placeholder-width: 1024px; --smush-placeholder-aspect-ratio: 1024\/646;\" \/><\/figure>\n\n\n\n<p>Les r\u00e9sultats de l&rsquo;enquete de la FUB \u00ab\u00a0le barom\u00e8tre des villes cyclables 2019\u00a0\u00bb seront d\u00e9voil\u00e9s le 6 f\u00e9vrier 2020 lors de l&rsquo;assembl\u00e9e g\u00e9n\u00e9rale de la FUB.<br>En avant gout, et pour discuter autour du sapin en famille, voici pour information les commentaires des quelques 300 participants sur Narbonne au barom\u00e8tre velo de la FUB &#8230;<\/p>\n\n\n\n<p>T\u00e9l\u00e9charger le PDF de 7 pages \u00a0<a href=\"https:\/\/velocite-narbonne.fr\/wp-content\/uploads\/2022\/11\/narbonne-11100-comm.pdf\">ici<\/a><\/p>\n\n\n\n<p>On y note une belle unanimit\u00e9 dans les critiques qui laisse penser que la place de Narbonne dans le barom\u00e8tre des villes cyclables risque d&rsquo;\u00eatre \u00e0 nouveau basse. Pour rappel, en 2017 Narbonne \u00e9tait avant derni\u00e8re des villes de sa cat\u00e9gorie !<br>Mais on y trouve aussi des demandes fortes et clairement formul\u00e9es<br>Si \u00e7a pouvait \u00eatre pris en compte r\u00e9ellement de mani\u00e8re urgente et s\u00e9rieuse sur notre ville et alentours!<\/p>\n\n\n\n<p>\u00e0 suivre !!!<\/p>\n","protected":false},"excerpt":{"rendered":"<p>Les r\u00e9sultats de l&rsquo;enquete de la FUB \u00ab\u00a0le barom\u00e8tre des villes cyclables 2019\u00a0\u00bb seront d\u00e9voil\u00e9s le 6 f\u00e9vrier 2020 lors de l&rsquo;assembl\u00e9e g\u00e9n\u00e9rale de la [&#8230;]<\/p>\n","protected":false},"author":20,"featured_media":0,"comment_status":"open","ping_status":"open","sticky":false,"template":"","format":"standard","meta":{"footnotes":""},"categories":[54,48],"tags":[85],"class_list":["post-1589","post","type-post","status-publish","format-standard","hentry","category-amenagements-cyclables","category-barometre-fub","tag-fub"],"yoast_head":"<!-- This site is optimized with the Yoast SEO plugin v27.5 - https:\/\/yoast.com\/product\/yoast-seo-wordpress\/ -->\n<title>Des commentaires de cyclistes narbonnais unanimes... - V\u00e9locit\u00e9 Narbonne<\/title>\n<meta name=\"robots\" content=\"index, follow, max-snippet:-1, max-image-preview:large, max-video-preview:-1\" \/>\n<link rel=\"canonical\" href=\"https:\/\/velocite-narbonne.fr\/index.php\/2019\/12\/24\/des-commentaires-de-cyclistes-narbonnais-unanimes-2\/\" \/>\n<meta property=\"og:locale\" content=\"fr_FR\" \/>\n<meta property=\"og:type\" content=\"article\" \/>\n<meta property=\"og:title\" content=\"Des commentaires de cyclistes narbonnais unanimes... - V\u00e9locit\u00e9 Narbonne\" \/>\n<meta property=\"og:description\" content=\"Les r\u00e9sultats de l&rsquo;enquete de la FUB \u00ab\u00a0le barom\u00e8tre des villes cyclables 2019\u00a0\u00bb seront d\u00e9voil\u00e9s le 6 f\u00e9vrier 2020 lors de l&rsquo;assembl\u00e9e g\u00e9n\u00e9rale de la [...]\" \/>\n<meta property=\"og:url\" content=\"https:\/\/velocite-narbonne.fr\/index.php\/2019\/12\/24\/des-commentaires-de-cyclistes-narbonnais-unanimes-2\/\" \/>\n<meta property=\"og:site_name\" content=\"V\u00e9locit\u00e9 Narbonne\" \/>\n<meta property=\"article:published_time\" content=\"2019-12-24T13:26:33+00:00\" \/>\n<meta property=\"article:modified_time\" content=\"2022-12-14T18:56:18+00:00\" \/>\n<meta property=\"og:image\" content=\"https:\/\/velocite-narbonne.fr\/wp-content\/uploads\/2022\/11\/visuel-commentaies-1024x646.jpg\" \/>\n<meta name=\"author\" content=\"V\u00e9locit\u00e9 Narbonne\" \/>\n<meta name=\"twitter:card\" content=\"summary_large_image\" \/>\n<meta name=\"twitter:label1\" content=\"\u00c9crit par\" \/>\n\t<meta name=\"twitter:data1\" content=\"V\u00e9locit\u00e9 Narbonne\" \/>\n\t<meta name=\"twitter:label2\" content=\"Dur\u00e9e de lecture estim\u00e9e\" \/>\n\t<meta name=\"twitter:data2\" content=\"1 minute\" \/>\n<script type=\"application\/ld+json\" class=\"yoast-schema-graph\">{\"@context\":\"https:\\\/\\\/schema.org\",\"@graph\":[{\"@type\":\"Article\",\"@id\":\"https:\\\/\\\/velocite-narbonne.fr\\\/index.php\\\/2019\\\/12\\\/24\\\/des-commentaires-de-cyclistes-narbonnais-unanimes-2\\\/#article\",\"isPartOf\":{\"@id\":\"https:\\\/\\\/velocite-narbonne.fr\\\/index.php\\\/2019\\\/12\\\/24\\\/des-commentaires-de-cyclistes-narbonnais-unanimes-2\\\/\"},\"author\":{\"name\":\"V\u00e9locit\u00e9 Narbonne\",\"@id\":\"https:\\\/\\\/velocite-narbonne.fr\\\/#\\\/schema\\\/person\\\/fe4f4b7c18b1a260278b766fd6d85f8e\"},\"headline\":\"Des commentaires de cyclistes narbonnais unanimes&#8230;\",\"datePublished\":\"2019-12-24T13:26:33+00:00\",\"dateModified\":\"2022-12-14T18:56:18+00:00\",\"mainEntityOfPage\":{\"@id\":\"https:\\\/\\\/velocite-narbonne.fr\\\/index.php\\\/2019\\\/12\\\/24\\\/des-commentaires-de-cyclistes-narbonnais-unanimes-2\\\/\"},\"wordCount\":151,\"commentCount\":0,\"publisher\":{\"@id\":\"https:\\\/\\\/velocite-narbonne.fr\\\/#organization\"},\"image\":{\"@id\":\"https:\\\/\\\/velocite-narbonne.fr\\\/index.php\\\/2019\\\/12\\\/24\\\/des-commentaires-de-cyclistes-narbonnais-unanimes-2\\\/#primaryimage\"},\"thumbnailUrl\":\"https:\\\/\\\/velocite-narbonne.fr\\\/wp-content\\\/uploads\\\/2022\\\/11\\\/visuel-commentaies-1024x646.jpg\",\"keywords\":[\"FUB\"],\"articleSection\":[\"Am\u00e9nagements cyclables\",\"Barom\u00e8tre FUB\"],\"inLanguage\":\"fr-FR\",\"potentialAction\":[{\"@type\":\"CommentAction\",\"name\":\"Comment\",\"target\":[\"https:\\\/\\\/velocite-narbonne.fr\\\/index.php\\\/2019\\\/12\\\/24\\\/des-commentaires-de-cyclistes-narbonnais-unanimes-2\\\/#respond\"]}]},{\"@type\":\"WebPage\",\"@id\":\"https:\\\/\\\/velocite-narbonne.fr\\\/index.php\\\/2019\\\/12\\\/24\\\/des-commentaires-de-cyclistes-narbonnais-unanimes-2\\\/\",\"url\":\"https:\\\/\\\/velocite-narbonne.fr\\\/index.php\\\/2019\\\/12\\\/24\\\/des-commentaires-de-cyclistes-narbonnais-unanimes-2\\\/\",\"name\":\"Des commentaires de cyclistes narbonnais unanimes... - V\u00e9locit\u00e9 Narbonne\",\"isPartOf\":{\"@id\":\"https:\\\/\\\/velocite-narbonne.fr\\\/#website\"},\"primaryImageOfPage\":{\"@id\":\"https:\\\/\\\/velocite-narbonne.fr\\\/index.php\\\/2019\\\/12\\\/24\\\/des-commentaires-de-cyclistes-narbonnais-unanimes-2\\\/#primaryimage\"},\"image\":{\"@id\":\"https:\\\/\\\/velocite-narbonne.fr\\\/index.php\\\/2019\\\/12\\\/24\\\/des-commentaires-de-cyclistes-narbonnais-unanimes-2\\\/#primaryimage\"},\"thumbnailUrl\":\"https:\\\/\\\/velocite-narbonne.fr\\\/wp-content\\\/uploads\\\/2022\\\/11\\\/visuel-commentaies-1024x646.jpg\",\"datePublished\":\"2019-12-24T13:26:33+00:00\",\"dateModified\":\"2022-12-14T18:56:18+00:00\",\"breadcrumb\":{\"@id\":\"https:\\\/\\\/velocite-narbonne.fr\\\/index.php\\\/2019\\\/12\\\/24\\\/des-commentaires-de-cyclistes-narbonnais-unanimes-2\\\/#breadcrumb\"},\"inLanguage\":\"fr-FR\",\"potentialAction\":[{\"@type\":\"ReadAction\",\"target\":[\"https:\\\/\\\/velocite-narbonne.fr\\\/index.php\\\/2019\\\/12\\\/24\\\/des-commentaires-de-cyclistes-narbonnais-unanimes-2\\\/\"]}]},{\"@type\":\"ImageObject\",\"inLanguage\":\"fr-FR\",\"@id\":\"https:\\\/\\\/velocite-narbonne.fr\\\/index.php\\\/2019\\\/12\\\/24\\\/des-commentaires-de-cyclistes-narbonnais-unanimes-2\\\/#primaryimage\",\"url\":\"https:\\\/\\\/velocite-narbonne.fr\\\/wp-content\\\/uploads\\\/2022\\\/11\\\/visuel-commentaies.jpg\",\"contentUrl\":\"https:\\\/\\\/velocite-narbonne.fr\\\/wp-content\\\/uploads\\\/2022\\\/11\\\/visuel-commentaies.jpg\",\"width\":2480,\"height\":1565},{\"@type\":\"BreadcrumbList\",\"@id\":\"https:\\\/\\\/velocite-narbonne.fr\\\/index.php\\\/2019\\\/12\\\/24\\\/des-commentaires-de-cyclistes-narbonnais-unanimes-2\\\/#breadcrumb\",\"itemListElement\":[{\"@type\":\"ListItem\",\"position\":1,\"name\":\"Accueil\",\"item\":\"https:\\\/\\\/velocite-narbonne.fr\\\/\"},{\"@type\":\"ListItem\",\"position\":2,\"name\":\"Des commentaires de cyclistes narbonnais unanimes&#8230;\"}]},{\"@type\":\"WebSite\",\"@id\":\"https:\\\/\\\/velocite-narbonne.fr\\\/#website\",\"url\":\"https:\\\/\\\/velocite-narbonne.fr\\\/\",\"name\":\"V\u00e9locit\u00e9 Narbonne\",\"description\":\"L&#039;association v\u00e9lo du Grand Narbonne\",\"publisher\":{\"@id\":\"https:\\\/\\\/velocite-narbonne.fr\\\/#organization\"},\"potentialAction\":[{\"@type\":\"SearchAction\",\"target\":{\"@type\":\"EntryPoint\",\"urlTemplate\":\"https:\\\/\\\/velocite-narbonne.fr\\\/?s={search_term_string}\"},\"query-input\":{\"@type\":\"PropertyValueSpecification\",\"valueRequired\":true,\"valueName\":\"search_term_string\"}}],\"inLanguage\":\"fr-FR\"},{\"@type\":\"Organization\",\"@id\":\"https:\\\/\\\/velocite-narbonne.fr\\\/#organization\",\"name\":\"V\u00e9locit\u00e9 Narbonne\",\"url\":\"https:\\\/\\\/velocite-narbonne.fr\\\/\",\"logo\":{\"@type\":\"ImageObject\",\"inLanguage\":\"fr-FR\",\"@id\":\"https:\\\/\\\/velocite-narbonne.fr\\\/#\\\/schema\\\/logo\\\/image\\\/\",\"url\":\"https:\\\/\\\/velocite-narbonne.fr\\\/wp-content\\\/uploads\\\/2021\\\/10\\\/cropped-Logo-velocite.png\",\"contentUrl\":\"https:\\\/\\\/velocite-narbonne.fr\\\/wp-content\\\/uploads\\\/2021\\\/10\\\/cropped-Logo-velocite.png\",\"width\":649,\"height\":216,\"caption\":\"V\u00e9locit\u00e9 Narbonne\"},\"image\":{\"@id\":\"https:\\\/\\\/velocite-narbonne.fr\\\/#\\\/schema\\\/logo\\\/image\\\/\"}},{\"@type\":\"Person\",\"@id\":\"https:\\\/\\\/velocite-narbonne.fr\\\/#\\\/schema\\\/person\\\/fe4f4b7c18b1a260278b766fd6d85f8e\",\"name\":\"V\u00e9locit\u00e9 Narbonne\",\"image\":{\"@type\":\"ImageObject\",\"inLanguage\":\"fr-FR\",\"@id\":\"https:\\\/\\\/secure.gravatar.com\\\/avatar\\\/5a306c8b3fd19df7d1bbb54a773d1bced553843b2c62396848e8a8c5cdde1b4a?s=96&d=mm&r=g\",\"url\":\"https:\\\/\\\/secure.gravatar.com\\\/avatar\\\/5a306c8b3fd19df7d1bbb54a773d1bced553843b2c62396848e8a8c5cdde1b4a?s=96&d=mm&r=g\",\"contentUrl\":\"https:\\\/\\\/secure.gravatar.com\\\/avatar\\\/5a306c8b3fd19df7d1bbb54a773d1bced553843b2c62396848e8a8c5cdde1b4a?s=96&d=mm&r=g\",\"caption\":\"V\u00e9locit\u00e9 Narbonne\"},\"url\":\"https:\\\/\\\/velocite-narbonne.fr\\\/index.php\\\/author\\\/velocitenarbonne\\\/\"}]}<\/script>\n<!-- \/ Yoast SEO plugin. -->","yoast_head_json":{"title":"Des commentaires de cyclistes narbonnais unanimes... - V\u00e9locit\u00e9 Narbonne","robots":{"index":"index","follow":"follow","max-snippet":"max-snippet:-1","max-image-preview":"max-image-preview:large","max-video-preview":"max-video-preview:-1"},"canonical":"https:\/\/velocite-narbonne.fr\/index.php\/2019\/12\/24\/des-commentaires-de-cyclistes-narbonnais-unanimes-2\/","og_locale":"fr_FR","og_type":"article","og_title":"Des commentaires de cyclistes narbonnais unanimes... - V\u00e9locit\u00e9 Narbonne","og_description":"Les r\u00e9sultats de l&rsquo;enquete de la FUB \u00ab\u00a0le barom\u00e8tre des villes cyclables 2019\u00a0\u00bb seront d\u00e9voil\u00e9s le 6 f\u00e9vrier 2020 lors de l&rsquo;assembl\u00e9e g\u00e9n\u00e9rale de la [...]","og_url":"https:\/\/velocite-narbonne.fr\/index.php\/2019\/12\/24\/des-commentaires-de-cyclistes-narbonnais-unanimes-2\/","og_site_name":"V\u00e9locit\u00e9 Narbonne","article_published_time":"2019-12-24T13:26:33+00:00","article_modified_time":"2022-12-14T18:56:18+00:00","og_image":[{"url":"https:\/\/velocite-narbonne.fr\/wp-content\/uploads\/2022\/11\/visuel-commentaies-1024x646.jpg","type":"","width":"","height":""}],"author":"V\u00e9locit\u00e9 Narbonne","twitter_card":"summary_large_image","twitter_misc":{"\u00c9crit par":"V\u00e9locit\u00e9 Narbonne","Dur\u00e9e de lecture estim\u00e9e":"1 minute"},"schema":{"@context":"https:\/\/schema.org","@graph":[{"@type":"Article","@id":"https:\/\/velocite-narbonne.fr\/index.php\/2019\/12\/24\/des-commentaires-de-cyclistes-narbonnais-unanimes-2\/#article","isPartOf":{"@id":"https:\/\/velocite-narbonne.fr\/index.php\/2019\/12\/24\/des-commentaires-de-cyclistes-narbonnais-unanimes-2\/"},"author":{"name":"V\u00e9locit\u00e9 Narbonne","@id":"https:\/\/velocite-narbonne.fr\/#\/schema\/person\/fe4f4b7c18b1a260278b766fd6d85f8e"},"headline":"Des commentaires de cyclistes narbonnais unanimes&#8230;","datePublished":"2019-12-24T13:26:33+00:00","dateModified":"2022-12-14T18:56:18+00:00","mainEntityOfPage":{"@id":"https:\/\/velocite-narbonne.fr\/index.php\/2019\/12\/24\/des-commentaires-de-cyclistes-narbonnais-unanimes-2\/"},"wordCount":151,"commentCount":0,"publisher":{"@id":"https:\/\/velocite-narbonne.fr\/#organization"},"image":{"@id":"https:\/\/velocite-narbonne.fr\/index.php\/2019\/12\/24\/des-commentaires-de-cyclistes-narbonnais-unanimes-2\/#primaryimage"},"thumbnailUrl":"https:\/\/velocite-narbonne.fr\/wp-content\/uploads\/2022\/11\/visuel-commentaies-1024x646.jpg","keywords":["FUB"],"articleSection":["Am\u00e9nagements cyclables","Barom\u00e8tre FUB"],"inLanguage":"fr-FR","potentialAction":[{"@type":"CommentAction","name":"Comment","target":["https:\/\/velocite-narbonne.fr\/index.php\/2019\/12\/24\/des-commentaires-de-cyclistes-narbonnais-unanimes-2\/#respond"]}]},{"@type":"WebPage","@id":"https:\/\/velocite-narbonne.fr\/index.php\/2019\/12\/24\/des-commentaires-de-cyclistes-narbonnais-unanimes-2\/","url":"https:\/\/velocite-narbonne.fr\/index.php\/2019\/12\/24\/des-commentaires-de-cyclistes-narbonnais-unanimes-2\/","name":"Des commentaires de cyclistes narbonnais unanimes... - V\u00e9locit\u00e9 Narbonne","isPartOf":{"@id":"https:\/\/velocite-narbonne.fr\/#website"},"primaryImageOfPage":{"@id":"https:\/\/velocite-narbonne.fr\/index.php\/2019\/12\/24\/des-commentaires-de-cyclistes-narbonnais-unanimes-2\/#primaryimage"},"image":{"@id":"https:\/\/velocite-narbonne.fr\/index.php\/2019\/12\/24\/des-commentaires-de-cyclistes-narbonnais-unanimes-2\/#primaryimage"},"thumbnailUrl":"https:\/\/velocite-narbonne.fr\/wp-content\/uploads\/2022\/11\/visuel-commentaies-1024x646.jpg","datePublished":"2019-12-24T13:26:33+00:00","dateModified":"2022-12-14T18:56:18+00:00","breadcrumb":{"@id":"https:\/\/velocite-narbonne.fr\/index.php\/2019\/12\/24\/des-commentaires-de-cyclistes-narbonnais-unanimes-2\/#breadcrumb"},"inLanguage":"fr-FR","potentialAction":[{"@type":"ReadAction","target":["https:\/\/velocite-narbonne.fr\/index.php\/2019\/12\/24\/des-commentaires-de-cyclistes-narbonnais-unanimes-2\/"]}]},{"@type":"ImageObject","inLanguage":"fr-FR","@id":"https:\/\/velocite-narbonne.fr\/index.php\/2019\/12\/24\/des-commentaires-de-cyclistes-narbonnais-unanimes-2\/#primaryimage","url":"https:\/\/velocite-narbonne.fr\/wp-content\/uploads\/2022\/11\/visuel-commentaies.jpg","contentUrl":"https:\/\/velocite-narbonne.fr\/wp-content\/uploads\/2022\/11\/visuel-commentaies.jpg","width":2480,"height":1565},{"@type":"BreadcrumbList","@id":"https:\/\/velocite-narbonne.fr\/index.php\/2019\/12\/24\/des-commentaires-de-cyclistes-narbonnais-unanimes-2\/#breadcrumb","itemListElement":[{"@type":"ListItem","position":1,"name":"Accueil","item":"https:\/\/velocite-narbonne.fr\/"},{"@type":"ListItem","position":2,"name":"Des commentaires de cyclistes narbonnais unanimes&#8230;"}]},{"@type":"WebSite","@id":"https:\/\/velocite-narbonne.fr\/#website","url":"https:\/\/velocite-narbonne.fr\/","name":"V\u00e9locit\u00e9 Narbonne","description":"L&#039;association v\u00e9lo du Grand Narbonne","publisher":{"@id":"https:\/\/velocite-narbonne.fr\/#organization"},"potentialAction":[{"@type":"SearchAction","target":{"@type":"EntryPoint","urlTemplate":"https:\/\/velocite-narbonne.fr\/?s={search_term_string}"},"query-input":{"@type":"PropertyValueSpecification","valueRequired":true,"valueName":"search_term_string"}}],"inLanguage":"fr-FR"},{"@type":"Organization","@id":"https:\/\/velocite-narbonne.fr\/#organization","name":"V\u00e9locit\u00e9 Narbonne","url":"https:\/\/velocite-narbonne.fr\/","logo":{"@type":"ImageObject","inLanguage":"fr-FR","@id":"https:\/\/velocite-narbonne.fr\/#\/schema\/logo\/image\/","url":"https:\/\/velocite-narbonne.fr\/wp-content\/uploads\/2021\/10\/cropped-Logo-velocite.png","contentUrl":"https:\/\/velocite-narbonne.fr\/wp-content\/uploads\/2021\/10\/cropped-Logo-velocite.png","width":649,"height":216,"caption":"V\u00e9locit\u00e9 Narbonne"},"image":{"@id":"https:\/\/velocite-narbonne.fr\/#\/schema\/logo\/image\/"}},{"@type":"Person","@id":"https:\/\/velocite-narbonne.fr\/#\/schema\/person\/fe4f4b7c18b1a260278b766fd6d85f8e","name":"V\u00e9locit\u00e9 Narbonne","image":{"@type":"ImageObject","inLanguage":"fr-FR","@id":"https:\/\/secure.gravatar.com\/avatar\/5a306c8b3fd19df7d1bbb54a773d1bced553843b2c62396848e8a8c5cdde1b4a?s=96&d=mm&r=g","url":"https:\/\/secure.gravatar.com\/avatar\/5a306c8b3fd19df7d1bbb54a773d1bced553843b2c62396848e8a8c5cdde1b4a?s=96&d=mm&r=g","contentUrl":"https:\/\/secure.gravatar.com\/avatar\/5a306c8b3fd19df7d1bbb54a773d1bced553843b2c62396848e8a8c5cdde1b4a?s=96&d=mm&r=g","caption":"V\u00e9locit\u00e9 Narbonne"},"url":"https:\/\/velocite-narbonne.fr\/index.php\/author\/velocitenarbonne\/"}]}},"_links":{"self":[{"href":"https:\/\/velocite-narbonne.fr\/index.php\/wp-json\/wp\/v2\/posts\/1589","targetHints":{"allow":["GET"]}}],"collection":[{"href":"https:\/\/velocite-narbonne.fr\/index.php\/wp-json\/wp\/v2\/posts"}],"about":[{"href":"https:\/\/velocite-narbonne.fr\/index.php\/wp-json\/wp\/v2\/types\/post"}],"author":[{"embeddable":true,"href":"https:\/\/velocite-narbonne.fr\/index.php\/wp-json\/wp\/v2\/users\/20"}],"replies":[{"embeddable":true,"href":"https:\/\/velocite-narbonne.fr\/index.php\/wp-json\/wp\/v2\/comments?post=1589"}],"version-history":[{"count":2,"href":"https:\/\/velocite-narbonne.fr\/index.php\/wp-json\/wp\/v2\/posts\/1589\/revisions"}],"predecessor-version":[{"id":2166,"href":"https:\/\/velocite-narbonne.fr\/index.php\/wp-json\/wp\/v2\/posts\/1589\/revisions\/2166"}],"wp:attachment":[{"href":"https:\/\/velocite-narbonne.fr\/index.php\/wp-json\/wp\/v2\/media?parent=1589"}],"wp:term":[{"taxonomy":"category","embeddable":true,"href":"https:\/\/velocite-narbonne.fr\/index.php\/wp-json\/wp\/v2\/categories?post=1589"},{"taxonomy":"post_tag","embeddable":true,"href":"https:\/\/velocite-narbonne.fr\/index.php\/wp-json\/wp\/v2\/tags?post=1589"}],"curies":[{"name":"wp","href":"https:\/\/api.w.org\/{rel}","templated":true}]}}