{"id":1416,"date":"2018-10-23T12:44:49","date_gmt":"2018-10-23T10:44:49","guid":{"rendered":"https:\/\/velocitenarbonne.wordpress.com\/?p=1416"},"modified":"2022-12-15T20:17:41","modified_gmt":"2022-12-15T19:17:41","slug":"double-sens-cyclable","status":"publish","type":"post","link":"https:\/\/velocite-narbonne.fr\/index.php\/2018\/10\/23\/double-sens-cyclable\/","title":{"rendered":"Double sens cyclable"},"content":{"rendered":"\n<p>Samedi 20 octobre, juste avant l&rsquo;assembl\u00e9e g\u00e9n\u00e9rale de V\u00e9locit\u00e9 Narbonne, nous avons organis\u00e9 une v\u00e9lorution dans le centre historique pour rappeler que la loi impose la g\u00e9n\u00e9ralisation du double sens cyclable dans toutes les zones 30 et zones de rencontre&#8230;.<\/p>\n\n\n\n<p>Un article du blog il y a trois ans rappelait la l\u00e9gislation et la situation \u00e0 Narbonne.<br>On le trouve<a href=\"https:\/\/velocite-narbonne.fr\/index.php\/2015\/11\/07\/les-zone-30-kmh-definitions-reglementation-et-situation-narbonnaise\/\"> ici<\/a><br>Affaire \u00e0 suivre !<\/p>\n\n\n\n<figure class=\"wp-block-gallery has-nested-images columns-2 is-cropped wp-block-gallery-1 is-layout-flex wp-block-gallery-is-layout-flex\">\n<figure class=\"wp-block-image size-large\"><img decoding=\"async\" width=\"1024\" height=\"768\" data-id=\"1417\" data-src=\"https:\/\/velocite-narbonne.fr\/wp-content\/uploads\/2018\/10\/dsc01-1024x768.jpg\" alt=\"\" class=\"wp-image-1417 lazyload\" data-srcset=\"https:\/\/velocite-narbonne.fr\/wp-content\/uploads\/2018\/10\/dsc01-1024x768.jpg 1024w, https:\/\/velocite-narbonne.fr\/wp-content\/uploads\/2018\/10\/dsc01-300x225.jpg 300w, https:\/\/velocite-narbonne.fr\/wp-content\/uploads\/2018\/10\/dsc01-768x576.jpg 768w, https:\/\/velocite-narbonne.fr\/wp-content\/uploads\/2018\/10\/dsc01-1536x1152.jpg 1536w, https:\/\/velocite-narbonne.fr\/wp-content\/uploads\/2018\/10\/dsc01-800x600.jpg 800w, https:\/\/velocite-narbonne.fr\/wp-content\/uploads\/2018\/10\/dsc01-400x300.jpg 400w, https:\/\/velocite-narbonne.fr\/wp-content\/uploads\/2018\/10\/dsc01.jpg 1600w\" data-sizes=\"(max-width: 1024px) 100vw, 1024px\" src=\"data:image\/svg+xml;base64,PHN2ZyB3aWR0aD0iMSIgaGVpZ2h0PSIxIiB4bWxucz0iaHR0cDovL3d3dy53My5vcmcvMjAwMC9zdmciPjwvc3ZnPg==\" style=\"--smush-placeholder-width: 1024px; --smush-placeholder-aspect-ratio: 1024\/768;\" \/><\/figure>\n\n\n\n<figure class=\"wp-block-image size-large\"><img decoding=\"async\" width=\"1024\" height=\"781\" data-id=\"1418\" data-src=\"https:\/\/velocite-narbonne.fr\/wp-content\/uploads\/2018\/10\/dsc02-1024x781.jpg\" alt=\"\" class=\"wp-image-1418 lazyload\" data-srcset=\"https:\/\/velocite-narbonne.fr\/wp-content\/uploads\/2018\/10\/dsc02-1024x781.jpg 1024w, https:\/\/velocite-narbonne.fr\/wp-content\/uploads\/2018\/10\/dsc02-300x229.jpg 300w, https:\/\/velocite-narbonne.fr\/wp-content\/uploads\/2018\/10\/dsc02-768x586.jpg 768w, https:\/\/velocite-narbonne.fr\/wp-content\/uploads\/2018\/10\/dsc02-1536x1171.jpg 1536w, https:\/\/velocite-narbonne.fr\/wp-content\/uploads\/2018\/10\/dsc02-800x610.jpg 800w, https:\/\/velocite-narbonne.fr\/wp-content\/uploads\/2018\/10\/dsc02-180x138.jpg 180w, https:\/\/velocite-narbonne.fr\/wp-content\/uploads\/2018\/10\/dsc02.jpg 1600w\" data-sizes=\"(max-width: 1024px) 100vw, 1024px\" src=\"data:image\/svg+xml;base64,PHN2ZyB3aWR0aD0iMSIgaGVpZ2h0PSIxIiB4bWxucz0iaHR0cDovL3d3dy53My5vcmcvMjAwMC9zdmciPjwvc3ZnPg==\" style=\"--smush-placeholder-width: 1024px; --smush-placeholder-aspect-ratio: 1024\/781;\" \/><\/figure>\n\n\n\n<figure class=\"wp-block-image size-large\"><img decoding=\"async\" width=\"1024\" height=\"745\" data-id=\"1419\" data-src=\"https:\/\/velocite-narbonne.fr\/wp-content\/uploads\/2018\/10\/dsc03-1024x745.jpg\" alt=\"\" class=\"wp-image-1419 lazyload\" data-srcset=\"https:\/\/velocite-narbonne.fr\/wp-content\/uploads\/2018\/10\/dsc03-1024x745.jpg 1024w, https:\/\/velocite-narbonne.fr\/wp-content\/uploads\/2018\/10\/dsc03-300x218.jpg 300w, https:\/\/velocite-narbonne.fr\/wp-content\/uploads\/2018\/10\/dsc03-768x559.jpg 768w, https:\/\/velocite-narbonne.fr\/wp-content\/uploads\/2018\/10\/dsc03-1536x1117.jpg 1536w, https:\/\/velocite-narbonne.fr\/wp-content\/uploads\/2018\/10\/dsc03-800x582.jpg 800w, https:\/\/velocite-narbonne.fr\/wp-content\/uploads\/2018\/10\/dsc03.jpg 1600w\" data-sizes=\"(max-width: 1024px) 100vw, 1024px\" src=\"data:image\/svg+xml;base64,PHN2ZyB3aWR0aD0iMSIgaGVpZ2h0PSIxIiB4bWxucz0iaHR0cDovL3d3dy53My5vcmcvMjAwMC9zdmciPjwvc3ZnPg==\" style=\"--smush-placeholder-width: 1024px; --smush-placeholder-aspect-ratio: 1024\/745;\" \/><\/figure>\n\n\n\n<figure class=\"wp-block-image size-large\"><img decoding=\"async\" width=\"1024\" height=\"801\" data-id=\"1420\" data-src=\"https:\/\/velocite-narbonne.fr\/wp-content\/uploads\/2018\/10\/dsc04-1024x801.jpg\" alt=\"\" class=\"wp-image-1420 lazyload\" data-srcset=\"https:\/\/velocite-narbonne.fr\/wp-content\/uploads\/2018\/10\/dsc04-1024x801.jpg 1024w, https:\/\/velocite-narbonne.fr\/wp-content\/uploads\/2018\/10\/dsc04-300x235.jpg 300w, https:\/\/velocite-narbonne.fr\/wp-content\/uploads\/2018\/10\/dsc04-768x600.jpg 768w, https:\/\/velocite-narbonne.fr\/wp-content\/uploads\/2018\/10\/dsc04-1536x1201.jpg 1536w, https:\/\/velocite-narbonne.fr\/wp-content\/uploads\/2018\/10\/dsc04-800x626.jpg 800w, https:\/\/velocite-narbonne.fr\/wp-content\/uploads\/2018\/10\/dsc04.jpg 1600w\" data-sizes=\"(max-width: 1024px) 100vw, 1024px\" src=\"data:image\/svg+xml;base64,PHN2ZyB3aWR0aD0iMSIgaGVpZ2h0PSIxIiB4bWxucz0iaHR0cDovL3d3dy53My5vcmcvMjAwMC9zdmciPjwvc3ZnPg==\" style=\"--smush-placeholder-width: 1024px; --smush-placeholder-aspect-ratio: 1024\/801;\" \/><\/figure>\n\n\n\n<figure class=\"wp-block-image size-large\"><img decoding=\"async\" width=\"751\" height=\"1024\" data-id=\"1421\" data-src=\"https:\/\/velocite-narbonne.fr\/wp-content\/uploads\/2018\/10\/dsc05-751x1024.jpg\" alt=\"\" class=\"wp-image-1421 lazyload\" data-srcset=\"https:\/\/velocite-narbonne.fr\/wp-content\/uploads\/2018\/10\/dsc05-751x1024.jpg 751w, https:\/\/velocite-narbonne.fr\/wp-content\/uploads\/2018\/10\/dsc05-220x300.jpg 220w, https:\/\/velocite-narbonne.fr\/wp-content\/uploads\/2018\/10\/dsc05-768x1048.jpg 768w, https:\/\/velocite-narbonne.fr\/wp-content\/uploads\/2018\/10\/dsc05-1126x1536.jpg 1126w, https:\/\/velocite-narbonne.fr\/wp-content\/uploads\/2018\/10\/dsc05-800x1091.jpg 800w, https:\/\/velocite-narbonne.fr\/wp-content\/uploads\/2018\/10\/dsc05.jpg 1173w\" data-sizes=\"(max-width: 751px) 100vw, 751px\" src=\"data:image\/svg+xml;base64,PHN2ZyB3aWR0aD0iMSIgaGVpZ2h0PSIxIiB4bWxucz0iaHR0cDovL3d3dy53My5vcmcvMjAwMC9zdmciPjwvc3ZnPg==\" style=\"--smush-placeholder-width: 751px; --smush-placeholder-aspect-ratio: 751\/1024;\" \/><\/figure>\n<\/figure>\n","protected":false},"excerpt":{"rendered":"<p>Samedi 20 octobre, juste avant l&rsquo;assembl\u00e9e g\u00e9n\u00e9rale de V\u00e9locit\u00e9 Narbonne, nous avons organis\u00e9 une v\u00e9lorution dans le centre historique pour rappeler que la loi impose [&#8230;]<\/p>\n","protected":false},"author":20,"featured_media":0,"comment_status":"open","ping_status":"open","sticky":false,"template":"","format":"standard","meta":{"footnotes":""},"categories":[54,57,41],"tags":[81],"class_list":["post-1416","post","type-post","status-publish","format-standard","hentry","category-amenagements-cyclables","category-lois-et-reglements","category-velorutions","tag-double-sens-cyclable"],"yoast_head":"<!-- This site is optimized with the Yoast SEO plugin v27.5 - https:\/\/yoast.com\/product\/yoast-seo-wordpress\/ -->\n<title>Double sens cyclable - V\u00e9locit\u00e9 Narbonne<\/title>\n<meta name=\"robots\" content=\"index, follow, max-snippet:-1, max-image-preview:large, max-video-preview:-1\" \/>\n<link rel=\"canonical\" href=\"https:\/\/velocite-narbonne.fr\/index.php\/2018\/10\/23\/double-sens-cyclable\/\" \/>\n<meta property=\"og:locale\" content=\"fr_FR\" \/>\n<meta property=\"og:type\" content=\"article\" \/>\n<meta property=\"og:title\" content=\"Double sens cyclable - V\u00e9locit\u00e9 Narbonne\" \/>\n<meta property=\"og:description\" content=\"Samedi 20 octobre, juste avant l&rsquo;assembl\u00e9e g\u00e9n\u00e9rale de V\u00e9locit\u00e9 Narbonne, nous avons organis\u00e9 une v\u00e9lorution dans le centre historique pour rappeler que la loi impose [...]\" \/>\n<meta property=\"og:url\" content=\"https:\/\/velocite-narbonne.fr\/index.php\/2018\/10\/23\/double-sens-cyclable\/\" \/>\n<meta property=\"og:site_name\" content=\"V\u00e9locit\u00e9 Narbonne\" \/>\n<meta property=\"article:published_time\" content=\"2018-10-23T10:44:49+00:00\" \/>\n<meta property=\"article:modified_time\" content=\"2022-12-15T19:17:41+00:00\" \/>\n<meta property=\"og:image\" content=\"https:\/\/velocite-narbonne.fr\/wp-content\/uploads\/2018\/10\/dsc01-1024x768.jpg\" \/>\n<meta name=\"author\" content=\"V\u00e9locit\u00e9 Narbonne\" \/>\n<meta name=\"twitter:card\" content=\"summary_large_image\" \/>\n<meta name=\"twitter:label1\" content=\"\u00c9crit par\" \/>\n\t<meta name=\"twitter:data1\" content=\"V\u00e9locit\u00e9 Narbonne\" \/>\n\t<meta name=\"twitter:label2\" content=\"Dur\u00e9e de lecture estim\u00e9e\" \/>\n\t<meta name=\"twitter:data2\" content=\"2 minutes\" \/>\n<script type=\"application\/ld+json\" class=\"yoast-schema-graph\">{\"@context\":\"https:\\\/\\\/schema.org\",\"@graph\":[{\"@type\":\"Article\",\"@id\":\"https:\\\/\\\/velocite-narbonne.fr\\\/index.php\\\/2018\\\/10\\\/23\\\/double-sens-cyclable\\\/#article\",\"isPartOf\":{\"@id\":\"https:\\\/\\\/velocite-narbonne.fr\\\/index.php\\\/2018\\\/10\\\/23\\\/double-sens-cyclable\\\/\"},\"author\":{\"name\":\"V\u00e9locit\u00e9 Narbonne\",\"@id\":\"https:\\\/\\\/velocite-narbonne.fr\\\/#\\\/schema\\\/person\\\/fe4f4b7c18b1a260278b766fd6d85f8e\"},\"headline\":\"Double sens cyclable\",\"datePublished\":\"2018-10-23T10:44:49+00:00\",\"dateModified\":\"2022-12-15T19:17:41+00:00\",\"mainEntityOfPage\":{\"@id\":\"https:\\\/\\\/velocite-narbonne.fr\\\/index.php\\\/2018\\\/10\\\/23\\\/double-sens-cyclable\\\/\"},\"wordCount\":72,\"commentCount\":0,\"publisher\":{\"@id\":\"https:\\\/\\\/velocite-narbonne.fr\\\/#organization\"},\"image\":{\"@id\":\"https:\\\/\\\/velocite-narbonne.fr\\\/index.php\\\/2018\\\/10\\\/23\\\/double-sens-cyclable\\\/#primaryimage\"},\"thumbnailUrl\":\"https:\\\/\\\/velocite-narbonne.fr\\\/wp-content\\\/uploads\\\/2018\\\/10\\\/dsc01-1024x768.jpg\",\"keywords\":[\"Double sens cyclable\"],\"articleSection\":[\"Am\u00e9nagements cyclables\",\"Lois et r\u00e8glements\",\"V\u00e9lorutions\"],\"inLanguage\":\"fr-FR\",\"potentialAction\":[{\"@type\":\"CommentAction\",\"name\":\"Comment\",\"target\":[\"https:\\\/\\\/velocite-narbonne.fr\\\/index.php\\\/2018\\\/10\\\/23\\\/double-sens-cyclable\\\/#respond\"]}]},{\"@type\":\"WebPage\",\"@id\":\"https:\\\/\\\/velocite-narbonne.fr\\\/index.php\\\/2018\\\/10\\\/23\\\/double-sens-cyclable\\\/\",\"url\":\"https:\\\/\\\/velocite-narbonne.fr\\\/index.php\\\/2018\\\/10\\\/23\\\/double-sens-cyclable\\\/\",\"name\":\"Double sens cyclable - V\u00e9locit\u00e9 Narbonne\",\"isPartOf\":{\"@id\":\"https:\\\/\\\/velocite-narbonne.fr\\\/#website\"},\"primaryImageOfPage\":{\"@id\":\"https:\\\/\\\/velocite-narbonne.fr\\\/index.php\\\/2018\\\/10\\\/23\\\/double-sens-cyclable\\\/#primaryimage\"},\"image\":{\"@id\":\"https:\\\/\\\/velocite-narbonne.fr\\\/index.php\\\/2018\\\/10\\\/23\\\/double-sens-cyclable\\\/#primaryimage\"},\"thumbnailUrl\":\"https:\\\/\\\/velocite-narbonne.fr\\\/wp-content\\\/uploads\\\/2018\\\/10\\\/dsc01-1024x768.jpg\",\"datePublished\":\"2018-10-23T10:44:49+00:00\",\"dateModified\":\"2022-12-15T19:17:41+00:00\",\"breadcrumb\":{\"@id\":\"https:\\\/\\\/velocite-narbonne.fr\\\/index.php\\\/2018\\\/10\\\/23\\\/double-sens-cyclable\\\/#breadcrumb\"},\"inLanguage\":\"fr-FR\",\"potentialAction\":[{\"@type\":\"ReadAction\",\"target\":[\"https:\\\/\\\/velocite-narbonne.fr\\\/index.php\\\/2018\\\/10\\\/23\\\/double-sens-cyclable\\\/\"]}]},{\"@type\":\"ImageObject\",\"inLanguage\":\"fr-FR\",\"@id\":\"https:\\\/\\\/velocite-narbonne.fr\\\/index.php\\\/2018\\\/10\\\/23\\\/double-sens-cyclable\\\/#primaryimage\",\"url\":\"https:\\\/\\\/velocite-narbonne.fr\\\/wp-content\\\/uploads\\\/2018\\\/10\\\/dsc01.jpg\",\"contentUrl\":\"https:\\\/\\\/velocite-narbonne.fr\\\/wp-content\\\/uploads\\\/2018\\\/10\\\/dsc01.jpg\",\"width\":1600,\"height\":1200},{\"@type\":\"BreadcrumbList\",\"@id\":\"https:\\\/\\\/velocite-narbonne.fr\\\/index.php\\\/2018\\\/10\\\/23\\\/double-sens-cyclable\\\/#breadcrumb\",\"itemListElement\":[{\"@type\":\"ListItem\",\"position\":1,\"name\":\"Accueil\",\"item\":\"https:\\\/\\\/velocite-narbonne.fr\\\/\"},{\"@type\":\"ListItem\",\"position\":2,\"name\":\"Double sens cyclable\"}]},{\"@type\":\"WebSite\",\"@id\":\"https:\\\/\\\/velocite-narbonne.fr\\\/#website\",\"url\":\"https:\\\/\\\/velocite-narbonne.fr\\\/\",\"name\":\"V\u00e9locit\u00e9 Narbonne\",\"description\":\"L&#039;association v\u00e9lo du Grand Narbonne\",\"publisher\":{\"@id\":\"https:\\\/\\\/velocite-narbonne.fr\\\/#organization\"},\"potentialAction\":[{\"@type\":\"SearchAction\",\"target\":{\"@type\":\"EntryPoint\",\"urlTemplate\":\"https:\\\/\\\/velocite-narbonne.fr\\\/?s={search_term_string}\"},\"query-input\":{\"@type\":\"PropertyValueSpecification\",\"valueRequired\":true,\"valueName\":\"search_term_string\"}}],\"inLanguage\":\"fr-FR\"},{\"@type\":\"Organization\",\"@id\":\"https:\\\/\\\/velocite-narbonne.fr\\\/#organization\",\"name\":\"V\u00e9locit\u00e9 Narbonne\",\"url\":\"https:\\\/\\\/velocite-narbonne.fr\\\/\",\"logo\":{\"@type\":\"ImageObject\",\"inLanguage\":\"fr-FR\",\"@id\":\"https:\\\/\\\/velocite-narbonne.fr\\\/#\\\/schema\\\/logo\\\/image\\\/\",\"url\":\"https:\\\/\\\/velocite-narbonne.fr\\\/wp-content\\\/uploads\\\/2021\\\/10\\\/cropped-Logo-velocite.png\",\"contentUrl\":\"https:\\\/\\\/velocite-narbonne.fr\\\/wp-content\\\/uploads\\\/2021\\\/10\\\/cropped-Logo-velocite.png\",\"width\":649,\"height\":216,\"caption\":\"V\u00e9locit\u00e9 Narbonne\"},\"image\":{\"@id\":\"https:\\\/\\\/velocite-narbonne.fr\\\/#\\\/schema\\\/logo\\\/image\\\/\"}},{\"@type\":\"Person\",\"@id\":\"https:\\\/\\\/velocite-narbonne.fr\\\/#\\\/schema\\\/person\\\/fe4f4b7c18b1a260278b766fd6d85f8e\",\"name\":\"V\u00e9locit\u00e9 Narbonne\",\"image\":{\"@type\":\"ImageObject\",\"inLanguage\":\"fr-FR\",\"@id\":\"https:\\\/\\\/secure.gravatar.com\\\/avatar\\\/5a306c8b3fd19df7d1bbb54a773d1bced553843b2c62396848e8a8c5cdde1b4a?s=96&d=mm&r=g\",\"url\":\"https:\\\/\\\/secure.gravatar.com\\\/avatar\\\/5a306c8b3fd19df7d1bbb54a773d1bced553843b2c62396848e8a8c5cdde1b4a?s=96&d=mm&r=g\",\"contentUrl\":\"https:\\\/\\\/secure.gravatar.com\\\/avatar\\\/5a306c8b3fd19df7d1bbb54a773d1bced553843b2c62396848e8a8c5cdde1b4a?s=96&d=mm&r=g\",\"caption\":\"V\u00e9locit\u00e9 Narbonne\"},\"url\":\"https:\\\/\\\/velocite-narbonne.fr\\\/index.php\\\/author\\\/velocitenarbonne\\\/\"}]}<\/script>\n<!-- \/ Yoast SEO plugin. -->","yoast_head_json":{"title":"Double sens cyclable - V\u00e9locit\u00e9 Narbonne","robots":{"index":"index","follow":"follow","max-snippet":"max-snippet:-1","max-image-preview":"max-image-preview:large","max-video-preview":"max-video-preview:-1"},"canonical":"https:\/\/velocite-narbonne.fr\/index.php\/2018\/10\/23\/double-sens-cyclable\/","og_locale":"fr_FR","og_type":"article","og_title":"Double sens cyclable - V\u00e9locit\u00e9 Narbonne","og_description":"Samedi 20 octobre, juste avant l&rsquo;assembl\u00e9e g\u00e9n\u00e9rale de V\u00e9locit\u00e9 Narbonne, nous avons organis\u00e9 une v\u00e9lorution dans le centre historique pour rappeler que la loi impose [...]","og_url":"https:\/\/velocite-narbonne.fr\/index.php\/2018\/10\/23\/double-sens-cyclable\/","og_site_name":"V\u00e9locit\u00e9 Narbonne","article_published_time":"2018-10-23T10:44:49+00:00","article_modified_time":"2022-12-15T19:17:41+00:00","og_image":[{"url":"https:\/\/velocite-narbonne.fr\/wp-content\/uploads\/2018\/10\/dsc01-1024x768.jpg","type":"","width":"","height":""}],"author":"V\u00e9locit\u00e9 Narbonne","twitter_card":"summary_large_image","twitter_misc":{"\u00c9crit par":"V\u00e9locit\u00e9 Narbonne","Dur\u00e9e de lecture estim\u00e9e":"2 minutes"},"schema":{"@context":"https:\/\/schema.org","@graph":[{"@type":"Article","@id":"https:\/\/velocite-narbonne.fr\/index.php\/2018\/10\/23\/double-sens-cyclable\/#article","isPartOf":{"@id":"https:\/\/velocite-narbonne.fr\/index.php\/2018\/10\/23\/double-sens-cyclable\/"},"author":{"name":"V\u00e9locit\u00e9 Narbonne","@id":"https:\/\/velocite-narbonne.fr\/#\/schema\/person\/fe4f4b7c18b1a260278b766fd6d85f8e"},"headline":"Double sens cyclable","datePublished":"2018-10-23T10:44:49+00:00","dateModified":"2022-12-15T19:17:41+00:00","mainEntityOfPage":{"@id":"https:\/\/velocite-narbonne.fr\/index.php\/2018\/10\/23\/double-sens-cyclable\/"},"wordCount":72,"commentCount":0,"publisher":{"@id":"https:\/\/velocite-narbonne.fr\/#organization"},"image":{"@id":"https:\/\/velocite-narbonne.fr\/index.php\/2018\/10\/23\/double-sens-cyclable\/#primaryimage"},"thumbnailUrl":"https:\/\/velocite-narbonne.fr\/wp-content\/uploads\/2018\/10\/dsc01-1024x768.jpg","keywords":["Double sens cyclable"],"articleSection":["Am\u00e9nagements cyclables","Lois et r\u00e8glements","V\u00e9lorutions"],"inLanguage":"fr-FR","potentialAction":[{"@type":"CommentAction","name":"Comment","target":["https:\/\/velocite-narbonne.fr\/index.php\/2018\/10\/23\/double-sens-cyclable\/#respond"]}]},{"@type":"WebPage","@id":"https:\/\/velocite-narbonne.fr\/index.php\/2018\/10\/23\/double-sens-cyclable\/","url":"https:\/\/velocite-narbonne.fr\/index.php\/2018\/10\/23\/double-sens-cyclable\/","name":"Double sens cyclable - V\u00e9locit\u00e9 Narbonne","isPartOf":{"@id":"https:\/\/velocite-narbonne.fr\/#website"},"primaryImageOfPage":{"@id":"https:\/\/velocite-narbonne.fr\/index.php\/2018\/10\/23\/double-sens-cyclable\/#primaryimage"},"image":{"@id":"https:\/\/velocite-narbonne.fr\/index.php\/2018\/10\/23\/double-sens-cyclable\/#primaryimage"},"thumbnailUrl":"https:\/\/velocite-narbonne.fr\/wp-content\/uploads\/2018\/10\/dsc01-1024x768.jpg","datePublished":"2018-10-23T10:44:49+00:00","dateModified":"2022-12-15T19:17:41+00:00","breadcrumb":{"@id":"https:\/\/velocite-narbonne.fr\/index.php\/2018\/10\/23\/double-sens-cyclable\/#breadcrumb"},"inLanguage":"fr-FR","potentialAction":[{"@type":"ReadAction","target":["https:\/\/velocite-narbonne.fr\/index.php\/2018\/10\/23\/double-sens-cyclable\/"]}]},{"@type":"ImageObject","inLanguage":"fr-FR","@id":"https:\/\/velocite-narbonne.fr\/index.php\/2018\/10\/23\/double-sens-cyclable\/#primaryimage","url":"https:\/\/velocite-narbonne.fr\/wp-content\/uploads\/2018\/10\/dsc01.jpg","contentUrl":"https:\/\/velocite-narbonne.fr\/wp-content\/uploads\/2018\/10\/dsc01.jpg","width":1600,"height":1200},{"@type":"BreadcrumbList","@id":"https:\/\/velocite-narbonne.fr\/index.php\/2018\/10\/23\/double-sens-cyclable\/#breadcrumb","itemListElement":[{"@type":"ListItem","position":1,"name":"Accueil","item":"https:\/\/velocite-narbonne.fr\/"},{"@type":"ListItem","position":2,"name":"Double sens cyclable"}]},{"@type":"WebSite","@id":"https:\/\/velocite-narbonne.fr\/#website","url":"https:\/\/velocite-narbonne.fr\/","name":"V\u00e9locit\u00e9 Narbonne","description":"L&#039;association v\u00e9lo du Grand Narbonne","publisher":{"@id":"https:\/\/velocite-narbonne.fr\/#organization"},"potentialAction":[{"@type":"SearchAction","target":{"@type":"EntryPoint","urlTemplate":"https:\/\/velocite-narbonne.fr\/?s={search_term_string}"},"query-input":{"@type":"PropertyValueSpecification","valueRequired":true,"valueName":"search_term_string"}}],"inLanguage":"fr-FR"},{"@type":"Organization","@id":"https:\/\/velocite-narbonne.fr\/#organization","name":"V\u00e9locit\u00e9 Narbonne","url":"https:\/\/velocite-narbonne.fr\/","logo":{"@type":"ImageObject","inLanguage":"fr-FR","@id":"https:\/\/velocite-narbonne.fr\/#\/schema\/logo\/image\/","url":"https:\/\/velocite-narbonne.fr\/wp-content\/uploads\/2021\/10\/cropped-Logo-velocite.png","contentUrl":"https:\/\/velocite-narbonne.fr\/wp-content\/uploads\/2021\/10\/cropped-Logo-velocite.png","width":649,"height":216,"caption":"V\u00e9locit\u00e9 Narbonne"},"image":{"@id":"https:\/\/velocite-narbonne.fr\/#\/schema\/logo\/image\/"}},{"@type":"Person","@id":"https:\/\/velocite-narbonne.fr\/#\/schema\/person\/fe4f4b7c18b1a260278b766fd6d85f8e","name":"V\u00e9locit\u00e9 Narbonne","image":{"@type":"ImageObject","inLanguage":"fr-FR","@id":"https:\/\/secure.gravatar.com\/avatar\/5a306c8b3fd19df7d1bbb54a773d1bced553843b2c62396848e8a8c5cdde1b4a?s=96&d=mm&r=g","url":"https:\/\/secure.gravatar.com\/avatar\/5a306c8b3fd19df7d1bbb54a773d1bced553843b2c62396848e8a8c5cdde1b4a?s=96&d=mm&r=g","contentUrl":"https:\/\/secure.gravatar.com\/avatar\/5a306c8b3fd19df7d1bbb54a773d1bced553843b2c62396848e8a8c5cdde1b4a?s=96&d=mm&r=g","caption":"V\u00e9locit\u00e9 Narbonne"},"url":"https:\/\/velocite-narbonne.fr\/index.php\/author\/velocitenarbonne\/"}]}},"_links":{"self":[{"href":"https:\/\/velocite-narbonne.fr\/index.php\/wp-json\/wp\/v2\/posts\/1416","targetHints":{"allow":["GET"]}}],"collection":[{"href":"https:\/\/velocite-narbonne.fr\/index.php\/wp-json\/wp\/v2\/posts"}],"about":[{"href":"https:\/\/velocite-narbonne.fr\/index.php\/wp-json\/wp\/v2\/types\/post"}],"author":[{"embeddable":true,"href":"https:\/\/velocite-narbonne.fr\/index.php\/wp-json\/wp\/v2\/users\/20"}],"replies":[{"embeddable":true,"href":"https:\/\/velocite-narbonne.fr\/index.php\/wp-json\/wp\/v2\/comments?post=1416"}],"version-history":[{"count":2,"href":"https:\/\/velocite-narbonne.fr\/index.php\/wp-json\/wp\/v2\/posts\/1416\/revisions"}],"predecessor-version":[{"id":2207,"href":"https:\/\/velocite-narbonne.fr\/index.php\/wp-json\/wp\/v2\/posts\/1416\/revisions\/2207"}],"wp:attachment":[{"href":"https:\/\/velocite-narbonne.fr\/index.php\/wp-json\/wp\/v2\/media?parent=1416"}],"wp:term":[{"taxonomy":"category","embeddable":true,"href":"https:\/\/velocite-narbonne.fr\/index.php\/wp-json\/wp\/v2\/categories?post=1416"},{"taxonomy":"post_tag","embeddable":true,"href":"https:\/\/velocite-narbonne.fr\/index.php\/wp-json\/wp\/v2\/tags?post=1416"}],"curies":[{"name":"wp","href":"https:\/\/api.w.org\/{rel}","templated":true}]}}