{"id":1235,"date":"2018-04-15T15:33:26","date_gmt":"2018-04-15T13:33:26","guid":{"rendered":"https:\/\/velocitenarbonne.wordpress.com\/?p=1235"},"modified":"2022-12-19T20:04:27","modified_gmt":"2022-12-19T19:04:27","slug":"mobilisons-nous-pour-obtenir-un-plan-velo","status":"publish","type":"post","link":"https:\/\/velocite-narbonne.fr\/index.php\/2018\/04\/15\/mobilisons-nous-pour-obtenir-un-plan-velo\/","title":{"rendered":"Mobilisons-nous pour obtenir un plan v\u00e9lo"},"content":{"rendered":"\n<p><strong>Mobilisons-nous pour obtenir un plan v\u00e9lo<\/strong><\/p>\n\n\n\n<figure class=\"wp-block-image size-large\"><img decoding=\"async\" data-src=\"https:\/\/velocite-narbonne.fr\/wp-content\/uploads\/2018\/04\/unnamed.jpg\" alt=\"\" src=\"data:image\/svg+xml;base64,PHN2ZyB3aWR0aD0iMSIgaGVpZ2h0PSIxIiB4bWxucz0iaHR0cDovL3d3dy53My5vcmcvMjAwMC9zdmciPjwvc3ZnPg==\" class=\"lazyload\" style=\"--smush-placeholder-width: 1378px; --smush-placeholder-aspect-ratio: 1378\/733;\" \/><\/figure>\n\n\n\n<p>Vous \u00eates 200 personnes sur la Narbonnais \u00e0 avoir r\u00e9pondu au barom\u00e8tre \u00ab\u00a0Parlons V\u00e9lo\u00a0\u00bb et nous vous en remercions.<\/p>\n\n\n\n<p>A l&rsquo;\u00e9chelle nationale, plus de 113 000 r\u00e9ponses ont permis d&rsquo;obtenir des&nbsp;engagements forts de la ministre des Transports : \u00ab\u00a0un plan v\u00e9lo sinc\u00e8re, structur\u00e9 et financ\u00e9\u00a0\u00bb.<\/p>\n\n\n\n<p>Avec la&nbsp;<strong>F\u00e9d\u00e9ration des usagers de la bicyclette<\/strong>, nous formulons trois demandes<strong>&nbsp;:<\/strong><\/p>\n\n\n\n<ul class=\"wp-block-list\">\n<li><strong>Un fonds national v\u00e9lo de 200 millions d&rsquo;euros par an<\/strong><\/li>\n\n\n\n<li><strong>L&rsquo;indemnit\u00e9 kilom\u00e9trique v\u00e9lo g\u00e9n\u00e9ralis\u00e9e<\/strong><\/li>\n\n\n\n<li><strong>Le retour du bonus pour les v\u00e9los \u00e0 assistance \u00e9lectrique (VAE)<\/strong><\/li>\n<\/ul>\n\n\n\n<p>Pour ce faire, nous vous proposons une action simple : envoyer des cartes postales \u00e0 vos d\u00e9put\u00e9s et s\u00e9nateurs pour leur demander de plaider en faveur d&rsquo;un tel financement.<\/p>\n\n\n\n<p><strong>Pour envoyer des cartes postales<\/strong>&nbsp;num\u00e9riques, c&rsquo;est tr\u00e8s simple,&nbsp;<strong><a href=\"https:\/\/www.parlons-velo.fr\/mobilisation\" target=\"_blank\" rel=\"noreferrer noopener\">cliquez ICI<\/a><\/strong><strong>.<\/strong><br>Pour amplifier la mobilisation, vous pouvez \u00e9galement poster la carte sur les r\u00e9seaux sociaux.<\/p>\n","protected":false},"excerpt":{"rendered":"<p>Mobilisons-nous pour obtenir un plan v\u00e9lo Vous \u00eates 200 personnes sur la Narbonnais \u00e0 avoir r\u00e9pondu au barom\u00e8tre \u00ab\u00a0Parlons V\u00e9lo\u00a0\u00bb et nous vous en remercions. [&#8230;]<\/p>\n","protected":false},"author":20,"featured_media":0,"comment_status":"open","ping_status":"open","sticky":false,"template":"","format":"standard","meta":{"footnotes":""},"categories":[48],"tags":[100],"class_list":["post-1235","post","type-post","status-publish","format-standard","hentry","category-barometre-fub","tag-plan-velo"],"yoast_head":"<!-- This site is optimized with the Yoast SEO plugin v27.5 - https:\/\/yoast.com\/product\/yoast-seo-wordpress\/ -->\n<title>Mobilisons-nous pour obtenir un plan v\u00e9lo - V\u00e9locit\u00e9 Narbonne<\/title>\n<meta name=\"robots\" content=\"index, follow, max-snippet:-1, max-image-preview:large, max-video-preview:-1\" \/>\n<link rel=\"canonical\" href=\"https:\/\/velocite-narbonne.fr\/index.php\/2018\/04\/15\/mobilisons-nous-pour-obtenir-un-plan-velo\/\" \/>\n<meta property=\"og:locale\" content=\"fr_FR\" \/>\n<meta property=\"og:type\" content=\"article\" \/>\n<meta property=\"og:title\" content=\"Mobilisons-nous pour obtenir un plan v\u00e9lo - V\u00e9locit\u00e9 Narbonne\" \/>\n<meta property=\"og:description\" content=\"Mobilisons-nous pour obtenir un plan v\u00e9lo Vous \u00eates 200 personnes sur la Narbonnais \u00e0 avoir r\u00e9pondu au barom\u00e8tre \u00ab\u00a0Parlons V\u00e9lo\u00a0\u00bb et nous vous en remercions. [...]\" \/>\n<meta property=\"og:url\" content=\"https:\/\/velocite-narbonne.fr\/index.php\/2018\/04\/15\/mobilisons-nous-pour-obtenir-un-plan-velo\/\" \/>\n<meta property=\"og:site_name\" content=\"V\u00e9locit\u00e9 Narbonne\" \/>\n<meta property=\"article:published_time\" content=\"2018-04-15T13:33:26+00:00\" \/>\n<meta property=\"article:modified_time\" content=\"2022-12-19T19:04:27+00:00\" \/>\n<meta property=\"og:image\" content=\"https:\/\/velocite-narbonne.fr\/wp-content\/uploads\/2018\/04\/unnamed.jpg\" \/>\n<meta name=\"author\" content=\"V\u00e9locit\u00e9 Narbonne\" \/>\n<meta name=\"twitter:card\" content=\"summary_large_image\" \/>\n<meta name=\"twitter:label1\" content=\"\u00c9crit par\" \/>\n\t<meta name=\"twitter:data1\" content=\"V\u00e9locit\u00e9 Narbonne\" \/>\n\t<meta name=\"twitter:label2\" content=\"Dur\u00e9e de lecture estim\u00e9e\" \/>\n\t<meta name=\"twitter:data2\" content=\"1 minute\" \/>\n<script type=\"application\/ld+json\" class=\"yoast-schema-graph\">{\"@context\":\"https:\\\/\\\/schema.org\",\"@graph\":[{\"@type\":\"Article\",\"@id\":\"https:\\\/\\\/velocite-narbonne.fr\\\/index.php\\\/2018\\\/04\\\/15\\\/mobilisons-nous-pour-obtenir-un-plan-velo\\\/#article\",\"isPartOf\":{\"@id\":\"https:\\\/\\\/velocite-narbonne.fr\\\/index.php\\\/2018\\\/04\\\/15\\\/mobilisons-nous-pour-obtenir-un-plan-velo\\\/\"},\"author\":{\"name\":\"V\u00e9locit\u00e9 Narbonne\",\"@id\":\"https:\\\/\\\/velocite-narbonne.fr\\\/#\\\/schema\\\/person\\\/fe4f4b7c18b1a260278b766fd6d85f8e\"},\"headline\":\"Mobilisons-nous pour obtenir un plan v\u00e9lo\",\"datePublished\":\"2018-04-15T13:33:26+00:00\",\"dateModified\":\"2022-12-19T19:04:27+00:00\",\"mainEntityOfPage\":{\"@id\":\"https:\\\/\\\/velocite-narbonne.fr\\\/index.php\\\/2018\\\/04\\\/15\\\/mobilisons-nous-pour-obtenir-un-plan-velo\\\/\"},\"wordCount\":174,\"commentCount\":0,\"publisher\":{\"@id\":\"https:\\\/\\\/velocite-narbonne.fr\\\/#organization\"},\"image\":{\"@id\":\"https:\\\/\\\/velocite-narbonne.fr\\\/index.php\\\/2018\\\/04\\\/15\\\/mobilisons-nous-pour-obtenir-un-plan-velo\\\/#primaryimage\"},\"thumbnailUrl\":\"https:\\\/\\\/velocite-narbonne.fr\\\/wp-content\\\/uploads\\\/2018\\\/04\\\/unnamed.jpg\",\"keywords\":[\"Plan v\u00e9lo\"],\"articleSection\":[\"Barom\u00e8tre FUB\"],\"inLanguage\":\"fr-FR\",\"potentialAction\":[{\"@type\":\"CommentAction\",\"name\":\"Comment\",\"target\":[\"https:\\\/\\\/velocite-narbonne.fr\\\/index.php\\\/2018\\\/04\\\/15\\\/mobilisons-nous-pour-obtenir-un-plan-velo\\\/#respond\"]}]},{\"@type\":\"WebPage\",\"@id\":\"https:\\\/\\\/velocite-narbonne.fr\\\/index.php\\\/2018\\\/04\\\/15\\\/mobilisons-nous-pour-obtenir-un-plan-velo\\\/\",\"url\":\"https:\\\/\\\/velocite-narbonne.fr\\\/index.php\\\/2018\\\/04\\\/15\\\/mobilisons-nous-pour-obtenir-un-plan-velo\\\/\",\"name\":\"Mobilisons-nous pour obtenir un plan v\u00e9lo - V\u00e9locit\u00e9 Narbonne\",\"isPartOf\":{\"@id\":\"https:\\\/\\\/velocite-narbonne.fr\\\/#website\"},\"primaryImageOfPage\":{\"@id\":\"https:\\\/\\\/velocite-narbonne.fr\\\/index.php\\\/2018\\\/04\\\/15\\\/mobilisons-nous-pour-obtenir-un-plan-velo\\\/#primaryimage\"},\"image\":{\"@id\":\"https:\\\/\\\/velocite-narbonne.fr\\\/index.php\\\/2018\\\/04\\\/15\\\/mobilisons-nous-pour-obtenir-un-plan-velo\\\/#primaryimage\"},\"thumbnailUrl\":\"https:\\\/\\\/velocite-narbonne.fr\\\/wp-content\\\/uploads\\\/2018\\\/04\\\/unnamed.jpg\",\"datePublished\":\"2018-04-15T13:33:26+00:00\",\"dateModified\":\"2022-12-19T19:04:27+00:00\",\"breadcrumb\":{\"@id\":\"https:\\\/\\\/velocite-narbonne.fr\\\/index.php\\\/2018\\\/04\\\/15\\\/mobilisons-nous-pour-obtenir-un-plan-velo\\\/#breadcrumb\"},\"inLanguage\":\"fr-FR\",\"potentialAction\":[{\"@type\":\"ReadAction\",\"target\":[\"https:\\\/\\\/velocite-narbonne.fr\\\/index.php\\\/2018\\\/04\\\/15\\\/mobilisons-nous-pour-obtenir-un-plan-velo\\\/\"]}]},{\"@type\":\"ImageObject\",\"inLanguage\":\"fr-FR\",\"@id\":\"https:\\\/\\\/velocite-narbonne.fr\\\/index.php\\\/2018\\\/04\\\/15\\\/mobilisons-nous-pour-obtenir-un-plan-velo\\\/#primaryimage\",\"url\":\"https:\\\/\\\/velocite-narbonne.fr\\\/wp-content\\\/uploads\\\/2018\\\/04\\\/unnamed.jpg\",\"contentUrl\":\"https:\\\/\\\/velocite-narbonne.fr\\\/wp-content\\\/uploads\\\/2018\\\/04\\\/unnamed.jpg\",\"width\":1378,\"height\":733},{\"@type\":\"BreadcrumbList\",\"@id\":\"https:\\\/\\\/velocite-narbonne.fr\\\/index.php\\\/2018\\\/04\\\/15\\\/mobilisons-nous-pour-obtenir-un-plan-velo\\\/#breadcrumb\",\"itemListElement\":[{\"@type\":\"ListItem\",\"position\":1,\"name\":\"Accueil\",\"item\":\"https:\\\/\\\/velocite-narbonne.fr\\\/\"},{\"@type\":\"ListItem\",\"position\":2,\"name\":\"Mobilisons-nous pour obtenir un plan v\u00e9lo\"}]},{\"@type\":\"WebSite\",\"@id\":\"https:\\\/\\\/velocite-narbonne.fr\\\/#website\",\"url\":\"https:\\\/\\\/velocite-narbonne.fr\\\/\",\"name\":\"V\u00e9locit\u00e9 Narbonne\",\"description\":\"L&#039;association v\u00e9lo du Grand Narbonne\",\"publisher\":{\"@id\":\"https:\\\/\\\/velocite-narbonne.fr\\\/#organization\"},\"potentialAction\":[{\"@type\":\"SearchAction\",\"target\":{\"@type\":\"EntryPoint\",\"urlTemplate\":\"https:\\\/\\\/velocite-narbonne.fr\\\/?s={search_term_string}\"},\"query-input\":{\"@type\":\"PropertyValueSpecification\",\"valueRequired\":true,\"valueName\":\"search_term_string\"}}],\"inLanguage\":\"fr-FR\"},{\"@type\":\"Organization\",\"@id\":\"https:\\\/\\\/velocite-narbonne.fr\\\/#organization\",\"name\":\"V\u00e9locit\u00e9 Narbonne\",\"url\":\"https:\\\/\\\/velocite-narbonne.fr\\\/\",\"logo\":{\"@type\":\"ImageObject\",\"inLanguage\":\"fr-FR\",\"@id\":\"https:\\\/\\\/velocite-narbonne.fr\\\/#\\\/schema\\\/logo\\\/image\\\/\",\"url\":\"https:\\\/\\\/velocite-narbonne.fr\\\/wp-content\\\/uploads\\\/2021\\\/10\\\/cropped-Logo-velocite.png\",\"contentUrl\":\"https:\\\/\\\/velocite-narbonne.fr\\\/wp-content\\\/uploads\\\/2021\\\/10\\\/cropped-Logo-velocite.png\",\"width\":649,\"height\":216,\"caption\":\"V\u00e9locit\u00e9 Narbonne\"},\"image\":{\"@id\":\"https:\\\/\\\/velocite-narbonne.fr\\\/#\\\/schema\\\/logo\\\/image\\\/\"}},{\"@type\":\"Person\",\"@id\":\"https:\\\/\\\/velocite-narbonne.fr\\\/#\\\/schema\\\/person\\\/fe4f4b7c18b1a260278b766fd6d85f8e\",\"name\":\"V\u00e9locit\u00e9 Narbonne\",\"image\":{\"@type\":\"ImageObject\",\"inLanguage\":\"fr-FR\",\"@id\":\"https:\\\/\\\/secure.gravatar.com\\\/avatar\\\/5a306c8b3fd19df7d1bbb54a773d1bced553843b2c62396848e8a8c5cdde1b4a?s=96&d=mm&r=g\",\"url\":\"https:\\\/\\\/secure.gravatar.com\\\/avatar\\\/5a306c8b3fd19df7d1bbb54a773d1bced553843b2c62396848e8a8c5cdde1b4a?s=96&d=mm&r=g\",\"contentUrl\":\"https:\\\/\\\/secure.gravatar.com\\\/avatar\\\/5a306c8b3fd19df7d1bbb54a773d1bced553843b2c62396848e8a8c5cdde1b4a?s=96&d=mm&r=g\",\"caption\":\"V\u00e9locit\u00e9 Narbonne\"},\"url\":\"https:\\\/\\\/velocite-narbonne.fr\\\/index.php\\\/author\\\/velocitenarbonne\\\/\"}]}<\/script>\n<!-- \/ Yoast SEO plugin. -->","yoast_head_json":{"title":"Mobilisons-nous pour obtenir un plan v\u00e9lo - V\u00e9locit\u00e9 Narbonne","robots":{"index":"index","follow":"follow","max-snippet":"max-snippet:-1","max-image-preview":"max-image-preview:large","max-video-preview":"max-video-preview:-1"},"canonical":"https:\/\/velocite-narbonne.fr\/index.php\/2018\/04\/15\/mobilisons-nous-pour-obtenir-un-plan-velo\/","og_locale":"fr_FR","og_type":"article","og_title":"Mobilisons-nous pour obtenir un plan v\u00e9lo - V\u00e9locit\u00e9 Narbonne","og_description":"Mobilisons-nous pour obtenir un plan v\u00e9lo Vous \u00eates 200 personnes sur la Narbonnais \u00e0 avoir r\u00e9pondu au barom\u00e8tre \u00ab\u00a0Parlons V\u00e9lo\u00a0\u00bb et nous vous en remercions. [...]","og_url":"https:\/\/velocite-narbonne.fr\/index.php\/2018\/04\/15\/mobilisons-nous-pour-obtenir-un-plan-velo\/","og_site_name":"V\u00e9locit\u00e9 Narbonne","article_published_time":"2018-04-15T13:33:26+00:00","article_modified_time":"2022-12-19T19:04:27+00:00","og_image":[{"url":"https:\/\/velocite-narbonne.fr\/wp-content\/uploads\/2018\/04\/unnamed.jpg","type":"","width":"","height":""}],"author":"V\u00e9locit\u00e9 Narbonne","twitter_card":"summary_large_image","twitter_misc":{"\u00c9crit par":"V\u00e9locit\u00e9 Narbonne","Dur\u00e9e de lecture estim\u00e9e":"1 minute"},"schema":{"@context":"https:\/\/schema.org","@graph":[{"@type":"Article","@id":"https:\/\/velocite-narbonne.fr\/index.php\/2018\/04\/15\/mobilisons-nous-pour-obtenir-un-plan-velo\/#article","isPartOf":{"@id":"https:\/\/velocite-narbonne.fr\/index.php\/2018\/04\/15\/mobilisons-nous-pour-obtenir-un-plan-velo\/"},"author":{"name":"V\u00e9locit\u00e9 Narbonne","@id":"https:\/\/velocite-narbonne.fr\/#\/schema\/person\/fe4f4b7c18b1a260278b766fd6d85f8e"},"headline":"Mobilisons-nous pour obtenir un plan v\u00e9lo","datePublished":"2018-04-15T13:33:26+00:00","dateModified":"2022-12-19T19:04:27+00:00","mainEntityOfPage":{"@id":"https:\/\/velocite-narbonne.fr\/index.php\/2018\/04\/15\/mobilisons-nous-pour-obtenir-un-plan-velo\/"},"wordCount":174,"commentCount":0,"publisher":{"@id":"https:\/\/velocite-narbonne.fr\/#organization"},"image":{"@id":"https:\/\/velocite-narbonne.fr\/index.php\/2018\/04\/15\/mobilisons-nous-pour-obtenir-un-plan-velo\/#primaryimage"},"thumbnailUrl":"https:\/\/velocite-narbonne.fr\/wp-content\/uploads\/2018\/04\/unnamed.jpg","keywords":["Plan v\u00e9lo"],"articleSection":["Barom\u00e8tre FUB"],"inLanguage":"fr-FR","potentialAction":[{"@type":"CommentAction","name":"Comment","target":["https:\/\/velocite-narbonne.fr\/index.php\/2018\/04\/15\/mobilisons-nous-pour-obtenir-un-plan-velo\/#respond"]}]},{"@type":"WebPage","@id":"https:\/\/velocite-narbonne.fr\/index.php\/2018\/04\/15\/mobilisons-nous-pour-obtenir-un-plan-velo\/","url":"https:\/\/velocite-narbonne.fr\/index.php\/2018\/04\/15\/mobilisons-nous-pour-obtenir-un-plan-velo\/","name":"Mobilisons-nous pour obtenir un plan v\u00e9lo - V\u00e9locit\u00e9 Narbonne","isPartOf":{"@id":"https:\/\/velocite-narbonne.fr\/#website"},"primaryImageOfPage":{"@id":"https:\/\/velocite-narbonne.fr\/index.php\/2018\/04\/15\/mobilisons-nous-pour-obtenir-un-plan-velo\/#primaryimage"},"image":{"@id":"https:\/\/velocite-narbonne.fr\/index.php\/2018\/04\/15\/mobilisons-nous-pour-obtenir-un-plan-velo\/#primaryimage"},"thumbnailUrl":"https:\/\/velocite-narbonne.fr\/wp-content\/uploads\/2018\/04\/unnamed.jpg","datePublished":"2018-04-15T13:33:26+00:00","dateModified":"2022-12-19T19:04:27+00:00","breadcrumb":{"@id":"https:\/\/velocite-narbonne.fr\/index.php\/2018\/04\/15\/mobilisons-nous-pour-obtenir-un-plan-velo\/#breadcrumb"},"inLanguage":"fr-FR","potentialAction":[{"@type":"ReadAction","target":["https:\/\/velocite-narbonne.fr\/index.php\/2018\/04\/15\/mobilisons-nous-pour-obtenir-un-plan-velo\/"]}]},{"@type":"ImageObject","inLanguage":"fr-FR","@id":"https:\/\/velocite-narbonne.fr\/index.php\/2018\/04\/15\/mobilisons-nous-pour-obtenir-un-plan-velo\/#primaryimage","url":"https:\/\/velocite-narbonne.fr\/wp-content\/uploads\/2018\/04\/unnamed.jpg","contentUrl":"https:\/\/velocite-narbonne.fr\/wp-content\/uploads\/2018\/04\/unnamed.jpg","width":1378,"height":733},{"@type":"BreadcrumbList","@id":"https:\/\/velocite-narbonne.fr\/index.php\/2018\/04\/15\/mobilisons-nous-pour-obtenir-un-plan-velo\/#breadcrumb","itemListElement":[{"@type":"ListItem","position":1,"name":"Accueil","item":"https:\/\/velocite-narbonne.fr\/"},{"@type":"ListItem","position":2,"name":"Mobilisons-nous pour obtenir un plan v\u00e9lo"}]},{"@type":"WebSite","@id":"https:\/\/velocite-narbonne.fr\/#website","url":"https:\/\/velocite-narbonne.fr\/","name":"V\u00e9locit\u00e9 Narbonne","description":"L&#039;association v\u00e9lo du Grand Narbonne","publisher":{"@id":"https:\/\/velocite-narbonne.fr\/#organization"},"potentialAction":[{"@type":"SearchAction","target":{"@type":"EntryPoint","urlTemplate":"https:\/\/velocite-narbonne.fr\/?s={search_term_string}"},"query-input":{"@type":"PropertyValueSpecification","valueRequired":true,"valueName":"search_term_string"}}],"inLanguage":"fr-FR"},{"@type":"Organization","@id":"https:\/\/velocite-narbonne.fr\/#organization","name":"V\u00e9locit\u00e9 Narbonne","url":"https:\/\/velocite-narbonne.fr\/","logo":{"@type":"ImageObject","inLanguage":"fr-FR","@id":"https:\/\/velocite-narbonne.fr\/#\/schema\/logo\/image\/","url":"https:\/\/velocite-narbonne.fr\/wp-content\/uploads\/2021\/10\/cropped-Logo-velocite.png","contentUrl":"https:\/\/velocite-narbonne.fr\/wp-content\/uploads\/2021\/10\/cropped-Logo-velocite.png","width":649,"height":216,"caption":"V\u00e9locit\u00e9 Narbonne"},"image":{"@id":"https:\/\/velocite-narbonne.fr\/#\/schema\/logo\/image\/"}},{"@type":"Person","@id":"https:\/\/velocite-narbonne.fr\/#\/schema\/person\/fe4f4b7c18b1a260278b766fd6d85f8e","name":"V\u00e9locit\u00e9 Narbonne","image":{"@type":"ImageObject","inLanguage":"fr-FR","@id":"https:\/\/secure.gravatar.com\/avatar\/5a306c8b3fd19df7d1bbb54a773d1bced553843b2c62396848e8a8c5cdde1b4a?s=96&d=mm&r=g","url":"https:\/\/secure.gravatar.com\/avatar\/5a306c8b3fd19df7d1bbb54a773d1bced553843b2c62396848e8a8c5cdde1b4a?s=96&d=mm&r=g","contentUrl":"https:\/\/secure.gravatar.com\/avatar\/5a306c8b3fd19df7d1bbb54a773d1bced553843b2c62396848e8a8c5cdde1b4a?s=96&d=mm&r=g","caption":"V\u00e9locit\u00e9 Narbonne"},"url":"https:\/\/velocite-narbonne.fr\/index.php\/author\/velocitenarbonne\/"}]}},"_links":{"self":[{"href":"https:\/\/velocite-narbonne.fr\/index.php\/wp-json\/wp\/v2\/posts\/1235","targetHints":{"allow":["GET"]}}],"collection":[{"href":"https:\/\/velocite-narbonne.fr\/index.php\/wp-json\/wp\/v2\/posts"}],"about":[{"href":"https:\/\/velocite-narbonne.fr\/index.php\/wp-json\/wp\/v2\/types\/post"}],"author":[{"embeddable":true,"href":"https:\/\/velocite-narbonne.fr\/index.php\/wp-json\/wp\/v2\/users\/20"}],"replies":[{"embeddable":true,"href":"https:\/\/velocite-narbonne.fr\/index.php\/wp-json\/wp\/v2\/comments?post=1235"}],"version-history":[{"count":2,"href":"https:\/\/velocite-narbonne.fr\/index.php\/wp-json\/wp\/v2\/posts\/1235\/revisions"}],"predecessor-version":[{"id":2264,"href":"https:\/\/velocite-narbonne.fr\/index.php\/wp-json\/wp\/v2\/posts\/1235\/revisions\/2264"}],"wp:attachment":[{"href":"https:\/\/velocite-narbonne.fr\/index.php\/wp-json\/wp\/v2\/media?parent=1235"}],"wp:term":[{"taxonomy":"category","embeddable":true,"href":"https:\/\/velocite-narbonne.fr\/index.php\/wp-json\/wp\/v2\/categories?post=1235"},{"taxonomy":"post_tag","embeddable":true,"href":"https:\/\/velocite-narbonne.fr\/index.php\/wp-json\/wp\/v2\/tags?post=1235"}],"curies":[{"name":"wp","href":"https:\/\/api.w.org\/{rel}","templated":true}]}}